{"id":9906,"date":"2020-06-24T10:16:32","date_gmt":"2020-06-24T10:16:32","guid":{"rendered":"http:\/\/www.etxalar.eus\/?p=9906"},"modified":"2020-06-24T10:17:42","modified_gmt":"2020-06-24T10:17:42","slug":"curso-para-la-mejora-de-los-trastorno-de-escritura-lectura","status":"publish","type":"post","link":"https:\/\/www.etxalar.eus\/es\/curso-para-la-mejora-de-los-trastorno-de-escritura-lectura\/","title":{"rendered":"Curso para la mejora de los trastorno de escritura-lectura"},"content":{"rendered":"<p>[tm_pb_section admin_label=\u00bbsection\u00bb][tm_pb_row admin_label=\u00bbrow\u00bb][tm_pb_column type=\u00bb4_4&#8243;][tm_pb_text admin_label=\u00bbCurso texto\u00bb text_orientation=\u00bbjustified\u00bb use_border_color=\u00bboff\u00bb border_color=\u00bb#ffffff\u00bb border_style=\u00bbsolid\u00bb]<\/p>\n<p>Como cada a\u00f1o, el departamento de pediatr\u00eda del centro m\u00e9dico de Lesaka ha organizo un curso de verano con la UPV.&nbsp; Se desarrollar\u00e1 el pr\u00f3ximo 18 y 19 de septiembre y est\u00e1 dirigido a padres y profesionales del sector. El curso se impartir\u00e1 en la casa de cultura de Lesaka.<\/p>\n<p>Para m\u00e1s informaci\u00f3n consultar el <a href=\"http:\/\/www.etxalar.eus\/wp-content\/uploads\/2020\/06\/Program-Curso-de-Verano-2020.pdf\" target=\"_blank\" rel=\"noopener noreferrer\">programa<\/a><\/p>\n<p>&nbsp;<\/p>\n<p>[\/tm_pb_text][\/tm_pb_column][\/tm_pb_row][tm_pb_row admin_label=\u00bbRow\u00bb][tm_pb_column type=\u00bb4_4&#8243;][tm_pb_image admin_label=\u00bbLex-Esc &#8211; cartel\u00bb src=\u00bbhttp:\/\/www.etxalar.eus\/wp-content\/uploads\/2020\/06\/irakuketa-idazketa-kartela.jpg\u00bb show_in_lightbox=\u00bboff\u00bb url_new_window=\u00bboff\u00bb use_overlay=\u00bboff\u00bb animation=\u00bboff\u00bb sticky=\u00bboff\u00bb align=\u00bbcenter\u00bb force_fullwidth=\u00bboff\u00bb always_center_on_mobile=\u00bbon\u00bb use_border_color=\u00bboff\u00bb border_color=\u00bb#ffffff\u00bb border_style=\u00bbsolid\u00bb] [\/tm_pb_image][\/tm_pb_column][\/tm_pb_row][\/tm_pb_section]<\/p>\n","protected":false},"excerpt":{"rendered":"<p>Trastorno en ni\u00f1os euskaldunes biling\u00fces o pluriling\u00fces.<\/p>\n","protected":false},"author":9,"featured_media":9902,"comment_status":"open","ping_status":"open","sticky":false,"template":"","format":"standard","meta":{"_et_pb_use_builder":"","_et_pb_old_content":"","_et_gb_content_width":"","footnotes":""},"categories":[],"tags":[],"class_list":["post-9906","post","type-post","status-publish","format-standard","has-post-thumbnail","hentry"],"_links":{"self":[{"href":"https:\/\/www.etxalar.eus\/es\/wp-json\/wp\/v2\/posts\/9906","targetHints":{"allow":["GET"]}}],"collection":[{"href":"https:\/\/www.etxalar.eus\/es\/wp-json\/wp\/v2\/posts"}],"about":[{"href":"https:\/\/www.etxalar.eus\/es\/wp-json\/wp\/v2\/types\/post"}],"author":[{"embeddable":true,"href":"https:\/\/www.etxalar.eus\/es\/wp-json\/wp\/v2\/users\/9"}],"replies":[{"embeddable":true,"href":"https:\/\/www.etxalar.eus\/es\/wp-json\/wp\/v2\/comments?post=9906"}],"version-history":[{"count":0,"href":"https:\/\/www.etxalar.eus\/es\/wp-json\/wp\/v2\/posts\/9906\/revisions"}],"wp:featuredmedia":[{"embeddable":true,"href":"https:\/\/www.etxalar.eus\/es\/wp-json\/wp\/v2\/media\/9902"}],"wp:attachment":[{"href":"https:\/\/www.etxalar.eus\/es\/wp-json\/wp\/v2\/media?parent=9906"}],"wp:term":[{"taxonomy":"category","embeddable":true,"href":"https:\/\/www.etxalar.eus\/es\/wp-json\/wp\/v2\/categories?post=9906"},{"taxonomy":"post_tag","embeddable":true,"href":"https:\/\/www.etxalar.eus\/es\/wp-json\/wp\/v2\/tags?post=9906"}],"curies":[{"name":"wp","href":"https:\/\/api.w.org\/{rel}","templated":true}]}}