{"id":9839,"date":"2020-06-12T14:41:24","date_gmt":"2020-06-12T14:41:24","guid":{"rendered":"http:\/\/www.etxalar.eus\/?p=9839"},"modified":"2020-06-12T14:46:45","modified_gmt":"2020-06-12T14:46:45","slug":"bertatik-bertara","status":"publish","type":"post","link":"https:\/\/www.etxalar.eus\/es\/bertatik-bertara\/","title":{"rendered":"Bertatik Bertara"},"content":{"rendered":"<p>[tm_pb_section admin_label=\u00bbsection\u00bb][tm_pb_row admin_label=\u00bbrow\u00bb][tm_pb_column type=\u00bb4_4&#8243;][tm_pb_text admin_label=\u00bbBertatik bertara texto\u00bb text_orientation=\u00bbjustified\u00bb use_border_color=\u00bboff\u00bb border_color=\u00bb#ffffff\u00bb border_style=\u00bbsolid\u00bb] <strong>Esta campa\u00f1a, organizada por UEMA (Mancomunidad de Municipios Euskaldunes), comenzar\u00e1 el 19 de junio y tiene como objetivo visibilizar y reivindicar las riquezas propias de estos municipios. La campa\u00f1a tiene como fin sensibilizar tanto a la poblaci\u00f3n local como a las persones que nos visiten. A la misma se han sumado los Ayuntamientos de Bortziriak, Uraren Bailara y Baztan-Bidasoa Turismo Elkargoa.<\/strong> Debido a la emergencia sanitaria provocada por el COVID-19, la forma de viajar y de movernos de un lado a otro y organizar los d\u00edas de descanso experimentar\u00e1 un cambio importante. As\u00ed que, m\u00e1s que nunca, es de esperar que en los pr\u00f3ximos meses tengamos la oportunidad de conocer de primera mano nuestros rincones. Por ello, los ayuntamientos de Bortziriak se han sumado a la campa\u00f1a Bertatik Bertara, lanzada por UEMA, para mostrar a la ciudadan\u00eda y a las personas que nos visiten los tesoros que representan los municipios vascos, destacando cu\u00e1nto se puede disfrutar de ellos, de la mano de sus productos, su cultura y su desarrollo basado en su econom\u00eda. Siempre sin olvidar que el euskera es el elemento que mejor refleja la identidad de los estos municipios. \u00abTe invitamos a conocer y amar nuestros rincones, y con ello a disfrutar de una lengua tan aut\u00f3ctona y tan viva\u00bb dice el texto que aparece en los carteles y manteles que se pondr\u00e1n en manos del sector tur\u00edstico (tiendas, restaurantes, alojamientos, servicios, etc.) Los ayuntamientos se pondr\u00e1n en contacto con &nbsp;los diferentes agentes del sector, ya &nbsp;que son los intermediarios m\u00e1s adecuados para llegar a la ciudadan\u00eda y a quienes nos visitan, para informarles sobre la campa\u00f1a y poner a su disposici\u00f3n los distintos soportes. [\/tm_pb_text][\/tm_pb_column][\/tm_pb_row][tm_pb_row admin_label=\u00bbRow\u00bb][tm_pb_column type=\u00bb1_2&#8243;][tm_pb_image admin_label=\u00bbImagen &#8211; Cartel\u00bb src=\u00bbhttp:\/\/www.etxalar.eus\/wp-content\/uploads\/2020\/06\/BERTATIK_BERTARAkartela1.jpg\u00bb title_text=\u00bbCartel de la campa\u00f1a\u00bb show_in_lightbox=\u00bboff\u00bb url_new_window=\u00bboff\u00bb use_overlay=\u00bboff\u00bb animation=\u00bboff\u00bb sticky=\u00bboff\u00bb align=\u00bbleft\u00bb force_fullwidth=\u00bboff\u00bb always_center_on_mobile=\u00bbon\u00bb use_border_color=\u00bboff\u00bb border_color=\u00bb#ffffff\u00bb border_style=\u00bbsolid\u00bb] [\/tm_pb_image][\/tm_pb_column][tm_pb_column type=\u00bb1_2&#8243;][tm_pb_image admin_label=\u00bbImagen &#8211; Mantel\u00bb src=\u00bbhttp:\/\/www.etxalar.eus\/wp-content\/uploads\/2020\/06\/BERTATIK_BERTARAmahai-gainekoa_muntaia.jpg\u00bb title_text=\u00bbMantel de la campa\u00f1a\u00bb show_in_lightbox=\u00bboff\u00bb url_new_window=\u00bboff\u00bb use_overlay=\u00bboff\u00bb animation=\u00bboff\u00bb sticky=\u00bboff\u00bb align=\u00bbleft\u00bb force_fullwidth=\u00bboff\u00bb always_center_on_mobile=\u00bbon\u00bb use_border_color=\u00bboff\u00bb border_color=\u00bb#ffffff\u00bb border_style=\u00bbsolid\u00bb] [\/tm_pb_image][\/tm_pb_column][\/tm_pb_row][\/tm_pb_section]<\/p>\n","protected":false},"excerpt":{"rendered":"<p>En marcha la campa\u00f1a Bertatik Bertara en Bortziriak,\u00a0dirigida al sector tur\u00edstico \u00a0con el fin de reivindicar \u00abnuestro pueblo, nuestra lengua y nuestros productos\u00bb.<\/p>\n","protected":false},"author":9,"featured_media":9840,"comment_status":"open","ping_status":"open","sticky":false,"template":"","format":"standard","meta":{"_et_pb_use_builder":"","_et_pb_old_content":"","_et_gb_content_width":"","footnotes":""},"categories":[278],"tags":[],"class_list":["post-9839","post","type-post","status-publish","format-standard","has-post-thumbnail","hentry","category-euskara"],"_links":{"self":[{"href":"https:\/\/www.etxalar.eus\/es\/wp-json\/wp\/v2\/posts\/9839","targetHints":{"allow":["GET"]}}],"collection":[{"href":"https:\/\/www.etxalar.eus\/es\/wp-json\/wp\/v2\/posts"}],"about":[{"href":"https:\/\/www.etxalar.eus\/es\/wp-json\/wp\/v2\/types\/post"}],"author":[{"embeddable":true,"href":"https:\/\/www.etxalar.eus\/es\/wp-json\/wp\/v2\/users\/9"}],"replies":[{"embeddable":true,"href":"https:\/\/www.etxalar.eus\/es\/wp-json\/wp\/v2\/comments?post=9839"}],"version-history":[{"count":0,"href":"https:\/\/www.etxalar.eus\/es\/wp-json\/wp\/v2\/posts\/9839\/revisions"}],"wp:featuredmedia":[{"embeddable":true,"href":"https:\/\/www.etxalar.eus\/es\/wp-json\/wp\/v2\/media\/9840"}],"wp:attachment":[{"href":"https:\/\/www.etxalar.eus\/es\/wp-json\/wp\/v2\/media?parent=9839"}],"wp:term":[{"taxonomy":"category","embeddable":true,"href":"https:\/\/www.etxalar.eus\/es\/wp-json\/wp\/v2\/categories?post=9839"},{"taxonomy":"post_tag","embeddable":true,"href":"https:\/\/www.etxalar.eus\/es\/wp-json\/wp\/v2\/tags?post=9839"}],"curies":[{"name":"wp","href":"https:\/\/api.w.org\/{rel}","templated":true}]}}