{"id":9827,"date":"2020-06-03T11:20:35","date_gmt":"2020-06-03T11:20:35","guid":{"rendered":"http:\/\/www.etxalar.eus\/?p=9827"},"modified":"2020-06-03T11:26:51","modified_gmt":"2020-06-03T11:26:51","slug":"el-observatorio-de-aves-de-lizaieta-avanza","status":"publish","type":"post","link":"https:\/\/www.etxalar.eus\/es\/el-observatorio-de-aves-de-lizaieta-avanza\/","title":{"rendered":"El observatorio de aves de Lizaieta avanza"},"content":{"rendered":"<p>[tm_pb_section admin_label=\u00bbsection\u00bb][tm_pb_row admin_label=\u00bbrow\u00bb][tm_pb_column type=\u00bb4_4&#8243;][tm_pb_text admin_label=\u00bbLizaieta texto\u00bb text_orientation=\u00bbjustified\u00bb use_border_color=\u00bboff\u00bb border_color=\u00bb#ffffff\u00bb border_style=\u00bbsolid\u00bb]<\/p>\n<p>El observatorio de Lizaieta ser\u00e1 un centro de interpretaci\u00f3n de la migraci\u00f3n de aves y al mismo tiempo un espacio para uso m\u00faltiple.<\/p>\n<p>En los trabajos de la primera fase, se ha renovado el tejado del edificio, se han hecho trabajos de impermeabilizaci\u00f3n y se ha estabilizado el edificio en general. En la pr\u00f3xima fase se har\u00e1n labores en el interior del edificio; instalaci\u00f3n el\u00e9ctrica, ba\u00f1os, diferentes espacios, etc.<\/p>\n<p>Los primeros trabajos se han asignado en 73.335\u20ac (IVA no incluido) y la obras las ha realizado la empresa Arrixko Igeltseritza. En cuanto a la financiaci\u00f3n, del total asignado, 50.000\u20ac se abonar\u00e1n a trav\u00e9s del programa LGP (Leader) de Navarra. El resto del coste lo abonar\u00e1 el Ayuntamiento de Etxalar.<\/p>\n<p><strong>A trav\u00e9s de la agencia de desarrollo Cederna Garalur, se han conseguido la ayuda de 50.000\u20ac del Gobierno de Navarra y de los fondos Europeos.<\/strong><\/p>\n<p style=\"text-align: center;\"><strong><em>Im\u00e1genes de estado anterior y actual del edificio. Tambi\u00e9n los paneles.<\/em><\/strong><\/p>\n<p>[\/tm_pb_text][\/tm_pb_column][\/tm_pb_row][tm_pb_row admin_label=\u00bbRow\u00bb][tm_pb_column type=\u00bb4_4&#8243;][tm_pb_text admin_label=\u00bbGaler\u00eda Observatorio\u00bb text_orientation=\u00bbcenter\u00bb use_border_color=\u00bboff\u00bb border_color=\u00bb#ffffff\u00bb border_style=\u00bbsolid\u00bb]<\/p>\n<p>[ngg src=\u00bbgalleries\u00bb ids=\u00bb43&#8243; display=\u00bbbasic_thumbnail\u00bb][\/tm_pb_text][\/tm_pb_column][\/tm_pb_row][\/tm_pb_section]<\/p>\n","protected":false},"excerpt":{"rendered":"<p>La primera fase finaliz\u00f3 a finales del pasado mes de febrero.<\/p>\n","protected":false},"author":9,"featured_media":9828,"comment_status":"open","ping_status":"open","sticky":false,"template":"","format":"standard","meta":{"_et_pb_use_builder":"","_et_pb_old_content":"","_et_gb_content_width":"","footnotes":""},"categories":[1],"tags":[],"class_list":["post-9827","post","type-post","status-publish","format-standard","has-post-thumbnail","hentry","category-sin-categorizar"],"_links":{"self":[{"href":"https:\/\/www.etxalar.eus\/es\/wp-json\/wp\/v2\/posts\/9827","targetHints":{"allow":["GET"]}}],"collection":[{"href":"https:\/\/www.etxalar.eus\/es\/wp-json\/wp\/v2\/posts"}],"about":[{"href":"https:\/\/www.etxalar.eus\/es\/wp-json\/wp\/v2\/types\/post"}],"author":[{"embeddable":true,"href":"https:\/\/www.etxalar.eus\/es\/wp-json\/wp\/v2\/users\/9"}],"replies":[{"embeddable":true,"href":"https:\/\/www.etxalar.eus\/es\/wp-json\/wp\/v2\/comments?post=9827"}],"version-history":[{"count":0,"href":"https:\/\/www.etxalar.eus\/es\/wp-json\/wp\/v2\/posts\/9827\/revisions"}],"wp:featuredmedia":[{"embeddable":true,"href":"https:\/\/www.etxalar.eus\/es\/wp-json\/wp\/v2\/media\/9828"}],"wp:attachment":[{"href":"https:\/\/www.etxalar.eus\/es\/wp-json\/wp\/v2\/media?parent=9827"}],"wp:term":[{"taxonomy":"category","embeddable":true,"href":"https:\/\/www.etxalar.eus\/es\/wp-json\/wp\/v2\/categories?post=9827"},{"taxonomy":"post_tag","embeddable":true,"href":"https:\/\/www.etxalar.eus\/es\/wp-json\/wp\/v2\/tags?post=9827"}],"curies":[{"name":"wp","href":"https:\/\/api.w.org\/{rel}","templated":true}]}}