{"id":9798,"date":"2020-04-20T11:25:02","date_gmt":"2020-04-20T11:25:02","guid":{"rendered":"http:\/\/www.etxalar.eus\/?p=9798"},"modified":"2020-04-20T14:19:27","modified_gmt":"2020-04-20T14:19:27","slug":"la-declaracion-de-la-renta-en-euskera","status":"publish","type":"post","link":"https:\/\/www.etxalar.eus\/es\/la-declaracion-de-la-renta-en-euskera\/","title":{"rendered":"La declaraci\u00f3n de la renta en euskera"},"content":{"rendered":"<p>[tm_pb_section admin_label=\u00bbsection\u00bb][tm_pb_row admin_label=\u00bbrow\u00bb][tm_pb_column type=\u00bb2_3&#8243;][tm_pb_text admin_label=\u00bbDeclaracion 2018 texto\u00bb text_orientation=\u00bbjustified\u00bb use_border_color=\u00bboff\u00bb border_color=\u00bb#ffffff\u00bb border_style=\u00bbsolid\u00bb]<\/p>\n<h5>Para hacer la declaraci\u00f3n de la renta del a\u00f1o 2019, el ayuntamiento de Etxalar con la ayuda de UEMA ofrece diversos recursos para que la gente haga la declaraci\u00f3n de la renta en Euskera.<\/h5>\n<ul>\n<li>Indicaciones para realizar la declaraci\u00f3n en euskera <a href=\"http:\/\/www.etxalar.eus\/wp-content\/uploads\/2020\/04\/Kartela-azalpenekin2020.pdf\" target=\"_blank\" rel=\"noopener noreferrer\">aqu\u00ed<\/a>.<\/li>\n<li>Datos sobre las declaraciones de 2018 realizadas en Euskera.<\/li>\n<\/ul>\n<p style=\"text-align: center;\"><a href=\"http:\/\/www.etxalar.eus\/wp-content\/uploads\/2020\/04\/kartela-herrikako-datuekin.pdf\" target=\"_blank\" rel=\"noopener noreferrer\"><img loading=\"lazy\" decoding=\"async\" class=\"alignnone wp-image-9787 size-full\" src=\"http:\/\/www.etxalar.eus\/wp-content\/uploads\/2020\/04\/Errenta-aitorpena-datuak-2018-eskualdea.jpg\" alt=\"\" width=\"410\" height=\"281\"><\/a><\/p>\n<p>&nbsp;<\/p>\n<p>[\/tm_pb_text][\/tm_pb_column][tm_pb_column type=\u00bb1_3&#8243;][tm_pb_text admin_label=\u00bbErrenta GIF\u00bb text_orientation=\u00bbcenter\u00bb use_border_color=\u00bboff\u00bb border_color=\u00bb#ffffff\u00bb border_style=\u00bbsolid\u00bb]<\/p>\n<p><a href=\"http:\/\/picasion.com\/\"><img loading=\"lazy\" decoding=\"async\" src=\"http:\/\/i.picasion.com\/pic89\/c06e97bb70bb8a3e69b589de6296b4de.gif\" alt=\"\" width=\"300\" height=\"215\" border=\"0\"><\/a><\/p>\n<p>[\/tm_pb_text][\/tm_pb_column][\/tm_pb_row][\/tm_pb_section]<\/p>\n","protected":false},"excerpt":{"rendered":"<p>El plazo para realizar la declaraci\u00f3n de la renta del a\u00f1o 2019 es del 6 de mayo al 30 de junio.<\/p>\n","protected":false},"author":9,"featured_media":9792,"comment_status":"open","ping_status":"open","sticky":false,"template":"","format":"standard","meta":{"_et_pb_use_builder":"","_et_pb_old_content":"","_et_gb_content_width":"","footnotes":""},"categories":[],"tags":[],"class_list":["post-9798","post","type-post","status-publish","format-standard","has-post-thumbnail","hentry"],"_links":{"self":[{"href":"https:\/\/www.etxalar.eus\/es\/wp-json\/wp\/v2\/posts\/9798","targetHints":{"allow":["GET"]}}],"collection":[{"href":"https:\/\/www.etxalar.eus\/es\/wp-json\/wp\/v2\/posts"}],"about":[{"href":"https:\/\/www.etxalar.eus\/es\/wp-json\/wp\/v2\/types\/post"}],"author":[{"embeddable":true,"href":"https:\/\/www.etxalar.eus\/es\/wp-json\/wp\/v2\/users\/9"}],"replies":[{"embeddable":true,"href":"https:\/\/www.etxalar.eus\/es\/wp-json\/wp\/v2\/comments?post=9798"}],"version-history":[{"count":0,"href":"https:\/\/www.etxalar.eus\/es\/wp-json\/wp\/v2\/posts\/9798\/revisions"}],"wp:featuredmedia":[{"embeddable":true,"href":"https:\/\/www.etxalar.eus\/es\/wp-json\/wp\/v2\/media\/9792"}],"wp:attachment":[{"href":"https:\/\/www.etxalar.eus\/es\/wp-json\/wp\/v2\/media?parent=9798"}],"wp:term":[{"taxonomy":"category","embeddable":true,"href":"https:\/\/www.etxalar.eus\/es\/wp-json\/wp\/v2\/categories?post=9798"},{"taxonomy":"post_tag","embeddable":true,"href":"https:\/\/www.etxalar.eus\/es\/wp-json\/wp\/v2\/tags?post=9798"}],"curies":[{"name":"wp","href":"https:\/\/api.w.org\/{rel}","templated":true}]}}