{"id":9615,"date":"2020-03-09T16:17:07","date_gmt":"2020-03-09T16:17:07","guid":{"rendered":"http:\/\/www.etxalar.eus\/?p=9615"},"modified":"2021-04-21T14:51:53","modified_gmt":"2021-04-21T14:51:53","slug":"un-nuevo-corso-musicoterapia","status":"publish","type":"post","link":"https:\/\/www.etxalar.eus\/es\/un-nuevo-corso-musicoterapia\/","title":{"rendered":"Un nuevo curso, Musicoterapia"},"content":{"rendered":"<p>[tm_pb_section admin_label=\u00bbsection\u00bb][tm_pb_row admin_label=\u00bbrow\u00bb][tm_pb_column type=\u00bb1_3&#8243;][tm_pb_text admin_label=\u00bbMusicoterapia text\u00bb text_orientation=\u00bbjustified\u00bb use_border_color=\u00bboff\u00bb border_color=\u00bb#ffffff\u00bb border_style=\u00bbsolid\u00bb]<\/p>\n<p>Seguro que alguna vez has o\u00eddo hablar la palabra Musicoterapia, \u00bfno? Pues si quieres inf\u00f3rmate m\u00e1s al respecto, el pr\u00f3ximo 27 de marzo a las 19h en la sociedad de jubilados Larraburua tienes la oportunidad.&nbsp; La instructora Haizea Lora Matxi\u00f1ena de este curso informar\u00e1 sobre diferentes aspectos del mismo.<\/p>\n<p>Escucha la <a href=\"https:\/\/erran.eus\/malerreka\/1548849958946-haizea-loira-musikoterapeutaonurak-dakartza-musikoterapiak-eta-aplikagarria-da-bide-aunitzetan?fbclid=IwAR2igxXgAZCjyZesBcqQYzk8rp48eNg-YYQ6oKArYRFSpvHzwtCPQz7zMMI\" target=\"_blank\" rel=\"noopener noreferrer\">entrevista<\/a> en Xorroxin irratia<\/p>\n<p>[\/tm_pb_text][\/tm_pb_column][tm_pb_column type=\u00bb2_3&#8243;][tm_pb_image admin_label=\u00bbmusicoterapia cartel\u00bb src=\u00bbhttp:\/\/www.etxalar.eus\/wp-content\/uploads\/2020\/03\/Etxalar-kartela.001.jpeg\u00bb show_in_lightbox=\u00bboff\u00bb url_new_window=\u00bboff\u00bb use_overlay=\u00bboff\u00bb animation=\u00bbleft\u00bb sticky=\u00bboff\u00bb align=\u00bbleft\u00bb force_fullwidth=\u00bboff\u00bb always_center_on_mobile=\u00bbon\u00bb use_border_color=\u00bboff\u00bb border_color=\u00bb#ffffff\u00bb border_style=\u00bbsolid\u00bb] [\/tm_pb_image][\/tm_pb_column][\/tm_pb_row][\/tm_pb_section]<\/p>\n","protected":false},"excerpt":{"rendered":"<p>La asociaci\u00f3n de jubilados de Larraburua ha organizado una convocatoria para informar acerca de este nuevo curso. <\/p>\n","protected":false},"author":9,"featured_media":9620,"comment_status":"open","ping_status":"open","sticky":false,"template":"","format":"standard","meta":{"_et_pb_use_builder":"","_et_pb_old_content":"","_et_gb_content_width":"","footnotes":""},"categories":[1],"tags":[],"class_list":["post-9615","post","type-post","status-publish","format-standard","has-post-thumbnail","hentry","category-sin-categorizar"],"_links":{"self":[{"href":"https:\/\/www.etxalar.eus\/es\/wp-json\/wp\/v2\/posts\/9615","targetHints":{"allow":["GET"]}}],"collection":[{"href":"https:\/\/www.etxalar.eus\/es\/wp-json\/wp\/v2\/posts"}],"about":[{"href":"https:\/\/www.etxalar.eus\/es\/wp-json\/wp\/v2\/types\/post"}],"author":[{"embeddable":true,"href":"https:\/\/www.etxalar.eus\/es\/wp-json\/wp\/v2\/users\/9"}],"replies":[{"embeddable":true,"href":"https:\/\/www.etxalar.eus\/es\/wp-json\/wp\/v2\/comments?post=9615"}],"version-history":[{"count":1,"href":"https:\/\/www.etxalar.eus\/es\/wp-json\/wp\/v2\/posts\/9615\/revisions"}],"predecessor-version":[{"id":11105,"href":"https:\/\/www.etxalar.eus\/es\/wp-json\/wp\/v2\/posts\/9615\/revisions\/11105"}],"wp:featuredmedia":[{"embeddable":true,"href":"https:\/\/www.etxalar.eus\/es\/wp-json\/wp\/v2\/media\/9620"}],"wp:attachment":[{"href":"https:\/\/www.etxalar.eus\/es\/wp-json\/wp\/v2\/media?parent=9615"}],"wp:term":[{"taxonomy":"category","embeddable":true,"href":"https:\/\/www.etxalar.eus\/es\/wp-json\/wp\/v2\/categories?post=9615"},{"taxonomy":"post_tag","embeddable":true,"href":"https:\/\/www.etxalar.eus\/es\/wp-json\/wp\/v2\/tags?post=9615"}],"curies":[{"name":"wp","href":"https:\/\/api.w.org\/{rel}","templated":true}]}}