{"id":9604,"date":"2020-02-27T16:47:29","date_gmt":"2020-02-27T16:47:29","guid":{"rendered":"http:\/\/www.etxalar.eus\/?p=9604"},"modified":"2020-02-27T16:48:11","modified_gmt":"2020-02-27T16:48:11","slug":"el-8-de-marzo-en-nuestra-comarca","status":"publish","type":"post","link":"https:\/\/www.etxalar.eus\/es\/el-8-de-marzo-en-nuestra-comarca\/","title":{"rendered":"El 8 de marzo en nuestra comarca"},"content":{"rendered":"<p>[tm_pb_section admin_label=\u00bbsection\u00bb][tm_pb_row admin_label=\u00bbrow\u00bb][tm_pb_column type=\u00bb1_2&#8243;][tm_pb_text admin_label=\u00bb8 m texto\u00bb text_orientation=\u00bbjustified\u00bb use_border_color=\u00bboff\u00bb border_color=\u00bb#ffffff\u00bb border_style=\u00bbsolid\u00bb]<\/p>\n<p>El pr\u00f3ximo 8 de marzo con motivo del d\u00eda internacional de la mujer, la Mancomunidad de Servicios Sociales de Cinco Villas Bortziriak con la colaboraci\u00f3n del Gobierno de Navarra, ha organizado diferentes actos en los pueblos de Cinco Villas Bortziriak, los cuales se desarrollaran tanto el propio 8 marzo como en d\u00edas anteriores como posteriores.<\/p>\n<p>El primero de los actos se celebrar\u00e1 este domingo, 1 de marzo, en Lesaka. Como todos los a\u00f1os tambi\u00e9n se ha organizado la Marcha de Monta\u00f1a de Mujeres de Bortziriak, el cual celebra su XI edici\u00f3n&nbsp; y ser\u00e1 en Igantzi.<\/p>\n<p>Para nuestro pueblo tambi\u00e9n se han organizado actos, un triki-poteo y una encartelada en la plaza del pueblo.<\/p>\n<p>\u00a1Animaros y participad en los actos!<\/p>\n<p>[\/tm_pb_text][\/tm_pb_column][tm_pb_column type=\u00bb1_2&#8243;][tm_pb_image admin_label=\u00bbM8 kartela\u00bb src=\u00bbhttp:\/\/www.etxalar.eus\/wp-content\/uploads\/2020\/02\/Emakumeen-Nazioarteko-eguna.jpg\u00bb show_in_lightbox=\u00bboff\u00bb url_new_window=\u00bboff\u00bb use_overlay=\u00bboff\u00bb animation=\u00bboff\u00bb sticky=\u00bboff\u00bb align=\u00bbcenter\u00bb force_fullwidth=\u00bboff\u00bb always_center_on_mobile=\u00bbon\u00bb use_border_color=\u00bboff\u00bb border_color=\u00bb#ffffff\u00bb border_style=\u00bbsolid\u00bb \/][\/tm_pb_column][\/tm_pb_row][\/tm_pb_section]<\/p>\n","protected":false},"excerpt":{"rendered":"<p>La Mancomunidad de Servicios Sociales ha organizado numerosos actos en los pueblos de Cinco Villas Bortziriak.<\/p>\n","protected":false},"author":9,"featured_media":9605,"comment_status":"open","ping_status":"open","sticky":false,"template":"","format":"standard","meta":{"_et_pb_use_builder":"","_et_pb_old_content":"","_et_gb_content_width":"","footnotes":""},"categories":[259],"tags":[],"class_list":["post-9604","post","type-post","status-publish","format-standard","has-post-thumbnail","hentry","category-celebraciones"],"_links":{"self":[{"href":"https:\/\/www.etxalar.eus\/es\/wp-json\/wp\/v2\/posts\/9604","targetHints":{"allow":["GET"]}}],"collection":[{"href":"https:\/\/www.etxalar.eus\/es\/wp-json\/wp\/v2\/posts"}],"about":[{"href":"https:\/\/www.etxalar.eus\/es\/wp-json\/wp\/v2\/types\/post"}],"author":[{"embeddable":true,"href":"https:\/\/www.etxalar.eus\/es\/wp-json\/wp\/v2\/users\/9"}],"replies":[{"embeddable":true,"href":"https:\/\/www.etxalar.eus\/es\/wp-json\/wp\/v2\/comments?post=9604"}],"version-history":[{"count":0,"href":"https:\/\/www.etxalar.eus\/es\/wp-json\/wp\/v2\/posts\/9604\/revisions"}],"wp:featuredmedia":[{"embeddable":true,"href":"https:\/\/www.etxalar.eus\/es\/wp-json\/wp\/v2\/media\/9605"}],"wp:attachment":[{"href":"https:\/\/www.etxalar.eus\/es\/wp-json\/wp\/v2\/media?parent=9604"}],"wp:term":[{"taxonomy":"category","embeddable":true,"href":"https:\/\/www.etxalar.eus\/es\/wp-json\/wp\/v2\/categories?post=9604"},{"taxonomy":"post_tag","embeddable":true,"href":"https:\/\/www.etxalar.eus\/es\/wp-json\/wp\/v2\/tags?post=9604"}],"curies":[{"name":"wp","href":"https:\/\/api.w.org\/{rel}","templated":true}]}}