{"id":9539,"date":"2020-02-11T16:43:10","date_gmt":"2020-02-11T16:43:10","guid":{"rendered":"http:\/\/www.etxalar.eus\/?p=9539"},"modified":"2020-02-13T18:46:18","modified_gmt":"2020-02-13T18:46:18","slug":"carnavales-2020","status":"publish","type":"post","link":"https:\/\/www.etxalar.eus\/es\/carnavales-2020\/","title":{"rendered":"Carnavales 2020"},"content":{"rendered":"<p>[tm_pb_section admin_label=\u00bbsection\u00bb][tm_pb_row admin_label=\u00bbrow\u00bb][tm_pb_column type=\u00bb4_4&#8243;][tm_pb_text admin_label=\u00bbCarnavales 2020 &#8211; Text\u00bb text_orientation=\u00bbjustified\u00bb use_border_color=\u00bboff\u00bb border_color=\u00bb#ffffff\u00bb border_style=\u00bbsolid\u00bb] Los carnavels este a\u00f1o en Etxalar ser\u00e1n hacia finales de febrero. El d\u00eda jueves gordo, ser\u00e1 el d\u00eda 20 de febrero y como es tradici\u00f3n en Etxalar, por la ma\u00f1ana los m\u00e1s peque\u00f1os del pueblo vestidos de baserritarra van de cuestaci\u00f3n por las casa del pueblo. Por la tarde, siguiente el h\u00e1bito delos \u00faltimos a\u00f1os, los alumnos de la escuela Landagain ofrecen en dieferentes putos del pueblo peque\u00f1as obras de teatro y unos versos. La fiesta termina con una merienda en el front\u00f3n amenizada por m\u00fasicos locales. Los carnavales continuar\u00e1n el domingo con la fiesta de los quintos, el lunes con la cuestaci\u00f3n de los jovenes del pueblo por los caserios y el martes por su parte ser\u00e1 el d\u00eda del desfile de disfraces. \u00a1Disfrutad de los carnavales! [\/tm_pb_text][\/tm_pb_column][\/tm_pb_row][tm_pb_row admin_label=\u00bbRow\u00bb][tm_pb_column type=\u00bb1_2&#8243;][tm_pb_text admin_label=\u00bbGaleria Jueves Gordo\u00bb text_orientation=\u00bbcenter\u00bb use_border_color=\u00bboff\u00bb border_color=\u00bb#ffffff\u00bb border_style=\u00bbsolid\u00bb]<\/p>\n<p>[ngg src=\u00bbgalleries\u00bb ids=\u00bb38&#8243; display=\u00bbbasic_slideshow\u00bb][\/tm_pb_text][\/tm_pb_column][tm_pb_column type=\u00bb1_2&#8243;][tm_pb_text admin_label=\u00bbGaleria Martes de carnaval\u00bb text_orientation=\u00bbcenter\u00bb use_border_color=\u00bboff\u00bb border_color=\u00bb#ffffff\u00bb border_style=\u00bbsolid\u00bb]<\/p>\n<p>[ngg src=\u00bbgalleries\u00bb ids=\u00bb37&#8243; display=\u00bbbasic_slideshow\u00bb][\/tm_pb_text][\/tm_pb_column][\/tm_pb_row][tm_pb_row admin_label=\u00bbRow\u00bb][tm_pb_column type=\u00bb1_2&#8243;][tm_pb_image admin_label=\u00bbOrtzegun gizen kartela programa\u00bb src=\u00bbhttp:\/\/www.etxalar.eus\/wp-content\/uploads\/2020\/02\/Inauteriak-Ortzegun-gizen-2020-Kartela.jpg\u00bb show_in_lightbox=\u00bboff\u00bb url_new_window=\u00bboff\u00bb use_overlay=\u00bboff\u00bb animation=\u00bbleft\u00bb sticky=\u00bboff\u00bb align=\u00bbleft\u00bb force_fullwidth=\u00bboff\u00bb always_center_on_mobile=\u00bbon\u00bb use_border_color=\u00bboff\u00bb border_color=\u00bb#ffffff\u00bb border_style=\u00bbsolid\u00bb \/][\/tm_pb_column][tm_pb_column type=\u00bb1_2&#8243;][tm_pb_image admin_label=\u00bbInauteriak mozorro eguna kartela programa\u00bb src=\u00bbhttp:\/\/www.etxalar.eus\/wp-content\/uploads\/2020\/02\/I\u00f1auteriak-2020-Kartela.jpeg\u00bb show_in_lightbox=\u00bboff\u00bb url_new_window=\u00bboff\u00bb use_overlay=\u00bboff\u00bb animation=\u00bbleft\u00bb sticky=\u00bboff\u00bb align=\u00bbleft\u00bb force_fullwidth=\u00bboff\u00bb always_center_on_mobile=\u00bbon\u00bb use_border_color=\u00bboff\u00bb border_color=\u00bb#ffffff\u00bb border_style=\u00bbsolid\u00bb \/][\/tm_pb_column][\/tm_pb_row][\/tm_pb_section]<\/p>\n","protected":false},"excerpt":{"rendered":"<p>Sin darnos cuenta ya tenemos encima los carnavales de este a\u00f1o, \u00a1D\u00edas de disfrute y alegr\u00eda!<\/p>\n","protected":false},"author":9,"featured_media":9535,"comment_status":"open","ping_status":"open","sticky":false,"template":"","format":"standard","meta":{"_et_pb_use_builder":"","_et_pb_old_content":"","_et_gb_content_width":"","footnotes":""},"categories":[],"tags":[],"class_list":["post-9539","post","type-post","status-publish","format-standard","has-post-thumbnail","hentry"],"_links":{"self":[{"href":"https:\/\/www.etxalar.eus\/es\/wp-json\/wp\/v2\/posts\/9539","targetHints":{"allow":["GET"]}}],"collection":[{"href":"https:\/\/www.etxalar.eus\/es\/wp-json\/wp\/v2\/posts"}],"about":[{"href":"https:\/\/www.etxalar.eus\/es\/wp-json\/wp\/v2\/types\/post"}],"author":[{"embeddable":true,"href":"https:\/\/www.etxalar.eus\/es\/wp-json\/wp\/v2\/users\/9"}],"replies":[{"embeddable":true,"href":"https:\/\/www.etxalar.eus\/es\/wp-json\/wp\/v2\/comments?post=9539"}],"version-history":[{"count":0,"href":"https:\/\/www.etxalar.eus\/es\/wp-json\/wp\/v2\/posts\/9539\/revisions"}],"wp:featuredmedia":[{"embeddable":true,"href":"https:\/\/www.etxalar.eus\/es\/wp-json\/wp\/v2\/media\/9535"}],"wp:attachment":[{"href":"https:\/\/www.etxalar.eus\/es\/wp-json\/wp\/v2\/media?parent=9539"}],"wp:term":[{"taxonomy":"category","embeddable":true,"href":"https:\/\/www.etxalar.eus\/es\/wp-json\/wp\/v2\/categories?post=9539"},{"taxonomy":"post_tag","embeddable":true,"href":"https:\/\/www.etxalar.eus\/es\/wp-json\/wp\/v2\/tags?post=9539"}],"curies":[{"name":"wp","href":"https:\/\/api.w.org\/{rel}","templated":true}]}}