{"id":9504,"date":"2020-02-10T16:39:46","date_gmt":"2020-02-10T16:39:46","guid":{"rendered":"http:\/\/www.etxalar.eus\/?p=9504"},"modified":"2020-02-10T17:19:24","modified_gmt":"2020-02-10T17:19:24","slug":"hermoso-concierto","status":"publish","type":"post","link":"https:\/\/www.etxalar.eus\/es\/hermoso-concierto\/","title":{"rendered":"Hermoso Concierto"},"content":{"rendered":"<p>[tm_pb_section admin_label=\u00bbsection\u00bb][tm_pb_row admin_label=\u00bbrow\u00bb][tm_pb_column type=\u00bb4_4&#8243;][tm_pb_text admin_label=\u00bbHermoso concierto\u00bb text_orientation=\u00bbjustified\u00bb use_border_color=\u00bboff\u00bb border_color=\u00bb#ffffff\u00bb border_style=\u00bbsolid\u00bb]<\/p>\n<p>Organizado por la Asociaci\u00f3n Altxata Kultur eta Kirol elkartea y con la colaboraci\u00f3n de Soinuenea, el p\u00fablico pudo disfrutar de un hermoso y agradable concierto en el que se mezclaron diferentes estilos tales como el Folk vasco, m\u00fasica cl\u00e1sica y Jazz, y ofrecido adem\u00e1s por los grandes m\u00fasicos, el guitarrista vizca\u00edno Balen L\u00f3pez de Muniain y la violonchelista italiana Paola Zannoni. La actuaci\u00f3n dur\u00f3 entorno a la hora y cuarto y entre otros temas tocaron \u201cArku dantza\u201d, fandango, finalizando el concierto con la canci\u00f3n \u201cXalbadorren heriotzean\u201d. La gente sali\u00f3 contenta del concierto.<\/p>\n<p>A continuaci\u00f3n unas fotos y un v\u00eddeo del concierto.<\/p>\n<p>[\/tm_pb_text][\/tm_pb_column][\/tm_pb_row][tm_pb_row admin_label=\u00bbRow\u00bb make_fullwidth=\u00bboff\u00bb use_custom_width=\u00bboff\u00bb use_grid_padding=\u00bbon\u00bb width_unit=\u00bbon\u00bb padding_mobile=\u00bboff\u00bb allow_player_pause=\u00bboff\u00bb parallax=\u00bboff\u00bb parallax_method=\u00bboff\u00bb make_equal=\u00bboff\u00bb parallax_1=\u00bboff\u00bb parallax_method_1=\u00bboff\u00bb parallax_2=\u00bboff\u00bb parallax_method_2=\u00bboff\u00bb padding_top_2=\u00bb100px\u00bb column_padding_mobile=\u00bbon\u00bb][tm_pb_column type=\u00bb1_2&#8243;][tm_pb_text admin_label=\u00bbGaleria kontzertua\u00bb text_orientation=\u00bbcenter\u00bb use_border_color=\u00bboff\u00bb border_color=\u00bb#ffffff\u00bb border_style=\u00bbsolid\u00bb]<\/p>\n<p>[ngg src=\u00bbgalleries\u00bb ids=\u00bb36&#8243; display=\u00bbbasic_slideshow\u00bb]Fotos de Lorea Arangoa<\/p>\n<p>[\/tm_pb_text][\/tm_pb_column][tm_pb_column type=\u00bb1_2&#8243;][tm_pb_video admin_label=\u00bbKontzertuaren bideoa\u00bb src=\u00bbhttp:\/\/www.etxalar.eus\/wp-content\/uploads\/2020\/02\/Elizako-kontzertua-Altxatak-antolatua-Gitarra-Biolontxeloa-1.mp4&#8243;] [\/tm_pb_video][\/tm_pb_column][\/tm_pb_row][\/tm_pb_section]<\/p>\n","protected":false},"excerpt":{"rendered":"<p>Los asistentes, en torno a 70,  pudieron disfrutar de un hermoso concierto el domingo por la tarde en la iglesia de N\u00aa Se\u00f1ora de la asunci\u00f3n.<\/p>\n","protected":false},"author":9,"featured_media":9509,"comment_status":"open","ping_status":"open","sticky":false,"template":"","format":"standard","meta":{"_et_pb_use_builder":"","_et_pb_old_content":"","_et_gb_content_width":"","footnotes":""},"categories":[1],"tags":[],"class_list":["post-9504","post","type-post","status-publish","format-standard","has-post-thumbnail","hentry","category-sin-categorizar"],"_links":{"self":[{"href":"https:\/\/www.etxalar.eus\/es\/wp-json\/wp\/v2\/posts\/9504","targetHints":{"allow":["GET"]}}],"collection":[{"href":"https:\/\/www.etxalar.eus\/es\/wp-json\/wp\/v2\/posts"}],"about":[{"href":"https:\/\/www.etxalar.eus\/es\/wp-json\/wp\/v2\/types\/post"}],"author":[{"embeddable":true,"href":"https:\/\/www.etxalar.eus\/es\/wp-json\/wp\/v2\/users\/9"}],"replies":[{"embeddable":true,"href":"https:\/\/www.etxalar.eus\/es\/wp-json\/wp\/v2\/comments?post=9504"}],"version-history":[{"count":0,"href":"https:\/\/www.etxalar.eus\/es\/wp-json\/wp\/v2\/posts\/9504\/revisions"}],"wp:featuredmedia":[{"embeddable":true,"href":"https:\/\/www.etxalar.eus\/es\/wp-json\/wp\/v2\/media\/9509"}],"wp:attachment":[{"href":"https:\/\/www.etxalar.eus\/es\/wp-json\/wp\/v2\/media?parent=9504"}],"wp:term":[{"taxonomy":"category","embeddable":true,"href":"https:\/\/www.etxalar.eus\/es\/wp-json\/wp\/v2\/categories?post=9504"},{"taxonomy":"post_tag","embeddable":true,"href":"https:\/\/www.etxalar.eus\/es\/wp-json\/wp\/v2\/tags?post=9504"}],"curies":[{"name":"wp","href":"https:\/\/api.w.org\/{rel}","templated":true}]}}