{"id":9439,"date":"2020-01-31T15:52:31","date_gmt":"2020-01-31T15:52:31","guid":{"rendered":"http:\/\/www.etxalar.eus\/?p=9439"},"modified":"2020-01-31T15:52:31","modified_gmt":"2020-01-31T15:52:31","slug":"concierto-en-la-iglesia","status":"publish","type":"post","link":"https:\/\/www.etxalar.eus\/es\/concierto-en-la-iglesia\/","title":{"rendered":"Concierto en la Iglesia"},"content":{"rendered":"<p>[tm_pb_section admin_label=\u00bbsection\u00bb][tm_pb_row admin_label=\u00bbrow\u00bb][tm_pb_column type=\u00bb4_4&#8243;][tm_pb_text admin_label=\u00bbKontzertua text\u00bb text_orientation=\u00bbleft\u00bb use_border_color=\u00bboff\u00bb border_color=\u00bb#ffffff\u00bb border_style=\u00bbsolid\u00bb]<\/p>\n<p>Datorren Otsailaren 9an Etxalarko Andra Mari elizan, kontzertu eder bat ikusteko aukera izanen da arratsaldeko 6etan. Bertan bi musikari handi izanen dira, Balen Lopez de Muniain Italian aspalditik bizi den gitarrista bizkaitarra eta Paola Zannoni italiar biolontxelo jotzailea. Aukera paregabea musika maite duten guztientzat, bereziki euskal folka, musika klasikoa eta jazza maite dutenentzat.<\/p>\n<p>Sarrera doaneko da.<\/p>\n<p>Antolatzailea: Altxata Kultur eta Kirol Elkartea Soinuenearen laguntzarekin.<\/p>\n<p style=\"text-align: center;\"><img loading=\"lazy\" decoding=\"async\" width=\"424\" height=\"600\" class=\"alignnone wp-image-9431 size-full\" alt=\"\" src=\"http:\/\/www.etxalar.eus\/wp-content\/uploads\/2020\/01\/Balen-Lopez-de-muniain-eta-1.jpg\"><\/p>\n<p>[\/tm_pb_text][\/tm_pb_column][\/tm_pb_row][\/tm_pb_section]<\/p>\n","protected":false},"excerpt":{"rendered":"<p>Gran oportunidad de disfrutar de un hermoso concierto de los grandes m\u00fasicos Balen L\u00f3pez de Muniain y Paola Zannoni. Concierto que mezcla diferentes estilos; folk Vasco, m\u00fasica cl\u00e1sica y Jazz.<\/p>\n","protected":false},"author":9,"featured_media":9436,"comment_status":"open","ping_status":"open","sticky":false,"template":"","format":"standard","meta":{"_et_pb_use_builder":"","_et_pb_old_content":"","_et_gb_content_width":"","footnotes":""},"categories":[235],"tags":[],"class_list":["post-9439","post","type-post","status-publish","format-standard","has-post-thumbnail","hentry","category-uncategorized-eu"],"_links":{"self":[{"href":"https:\/\/www.etxalar.eus\/es\/wp-json\/wp\/v2\/posts\/9439","targetHints":{"allow":["GET"]}}],"collection":[{"href":"https:\/\/www.etxalar.eus\/es\/wp-json\/wp\/v2\/posts"}],"about":[{"href":"https:\/\/www.etxalar.eus\/es\/wp-json\/wp\/v2\/types\/post"}],"author":[{"embeddable":true,"href":"https:\/\/www.etxalar.eus\/es\/wp-json\/wp\/v2\/users\/9"}],"replies":[{"embeddable":true,"href":"https:\/\/www.etxalar.eus\/es\/wp-json\/wp\/v2\/comments?post=9439"}],"version-history":[{"count":0,"href":"https:\/\/www.etxalar.eus\/es\/wp-json\/wp\/v2\/posts\/9439\/revisions"}],"wp:featuredmedia":[{"embeddable":true,"href":"https:\/\/www.etxalar.eus\/es\/wp-json\/wp\/v2\/media\/9436"}],"wp:attachment":[{"href":"https:\/\/www.etxalar.eus\/es\/wp-json\/wp\/v2\/media?parent=9439"}],"wp:term":[{"taxonomy":"category","embeddable":true,"href":"https:\/\/www.etxalar.eus\/es\/wp-json\/wp\/v2\/categories?post=9439"},{"taxonomy":"post_tag","embeddable":true,"href":"https:\/\/www.etxalar.eus\/es\/wp-json\/wp\/v2\/tags?post=9439"}],"curies":[{"name":"wp","href":"https:\/\/api.w.org\/{rel}","templated":true}]}}