{"id":9385,"date":"2020-01-21T17:08:53","date_gmt":"2020-01-21T17:08:53","guid":{"rendered":"http:\/\/www.etxalar.eus\/?p=9385"},"modified":"2020-01-21T17:09:13","modified_gmt":"2020-01-21T17:09:13","slug":"sesiones-de-canto","status":"publish","type":"post","link":"https:\/\/www.etxalar.eus\/es\/sesiones-de-canto\/","title":{"rendered":"Sesiones de canto"},"content":{"rendered":"<p>[tm_pb_section admin_label=\u00bbsection\u00bb][tm_pb_row admin_label=\u00bbrow\u00bb][tm_pb_column type=\u00bb4_4&#8243;][tm_pb_text admin_label=\u00bbSesiones de canto texto\u00bb text_orientation=\u00bbjustified\u00bb use_border_color=\u00bboff\u00bb border_color=\u00bb#ffffff\u00bb border_style=\u00bbsolid\u00bb]<\/p>\n<p>A partir de esta semana, quincenalmente, los jueves y los s\u00e1bados, todos a los que les guste cantar tienen una gran oportunidad. Las sesiones se celebrar\u00e1n en la casa de cultura, los jueves a las 20:15 y los s\u00e1bados por su parte a las 18:00. Adem\u00e1s con instructor estar\u00e1 el director Alberto Lasa.<\/p>\n<p>La participaci\u00f3n es gratuita.<\/p>\n<p>\u00a1An\u00edmate y libera ese cantante que llevas dentro!<\/p>\n<p style=\"text-align: center;\"><img loading=\"lazy\" decoding=\"async\" class=\"alignnone wp-image-9382\" src=\"http:\/\/www.etxalar.eus\/wp-content\/uploads\/2020\/01\/Kantu-saioak-2020.jpg\" alt=\"\" width=\"441\" height=\"624\"><\/p>\n<p>&nbsp;<\/p>\n<p>[\/tm_pb_text][\/tm_pb_column][\/tm_pb_row][\/tm_pb_section]<\/p>\n","protected":false},"excerpt":{"rendered":"<p>Si te gusta cantar, aqu\u00ed tienes una buena oportunidad de disfrutar de tu afici\u00f3n.<\/p>\n","protected":false},"author":9,"featured_media":9434,"comment_status":"open","ping_status":"open","sticky":false,"template":"","format":"standard","meta":{"_et_pb_use_builder":"","_et_pb_old_content":"","_et_gb_content_width":"","footnotes":""},"categories":[267,270],"tags":[],"class_list":["post-9385","post","type-post","status-publish","format-standard","has-post-thumbnail","hentry","category-casa-de-cultura","category-kultura"],"_links":{"self":[{"href":"https:\/\/www.etxalar.eus\/es\/wp-json\/wp\/v2\/posts\/9385","targetHints":{"allow":["GET"]}}],"collection":[{"href":"https:\/\/www.etxalar.eus\/es\/wp-json\/wp\/v2\/posts"}],"about":[{"href":"https:\/\/www.etxalar.eus\/es\/wp-json\/wp\/v2\/types\/post"}],"author":[{"embeddable":true,"href":"https:\/\/www.etxalar.eus\/es\/wp-json\/wp\/v2\/users\/9"}],"replies":[{"embeddable":true,"href":"https:\/\/www.etxalar.eus\/es\/wp-json\/wp\/v2\/comments?post=9385"}],"version-history":[{"count":0,"href":"https:\/\/www.etxalar.eus\/es\/wp-json\/wp\/v2\/posts\/9385\/revisions"}],"wp:featuredmedia":[{"embeddable":true,"href":"https:\/\/www.etxalar.eus\/es\/wp-json\/wp\/v2\/media\/9434"}],"wp:attachment":[{"href":"https:\/\/www.etxalar.eus\/es\/wp-json\/wp\/v2\/media?parent=9385"}],"wp:term":[{"taxonomy":"category","embeddable":true,"href":"https:\/\/www.etxalar.eus\/es\/wp-json\/wp\/v2\/categories?post=9385"},{"taxonomy":"post_tag","embeddable":true,"href":"https:\/\/www.etxalar.eus\/es\/wp-json\/wp\/v2\/tags?post=9385"}],"curies":[{"name":"wp","href":"https:\/\/api.w.org\/{rel}","templated":true}]}}