{"id":9227,"date":"2020-01-15T16:09:56","date_gmt":"2020-01-15T16:09:56","guid":{"rendered":"http:\/\/www.etxalar.eus\/?p=9227"},"modified":"2020-01-15T16:18:56","modified_gmt":"2020-01-15T16:18:56","slug":"para-progenitores-el-proyecto-prevenir-en-familia","status":"publish","type":"post","link":"https:\/\/www.etxalar.eus\/es\/para-progenitores-el-proyecto-prevenir-en-familia\/","title":{"rendered":"Para progenitores, el proyecto prevenir en familia"},"content":{"rendered":"<p>[tm_pb_section admin_label=\u00bbsection\u00bb][tm_pb_row admin_label=\u00bbrow\u00bb][tm_pb_column type=\u00bb4_4&#8243;][tm_pb_text admin_label=\u00bbPara progenitores, el proyecto prevenir en familia &#8211; Text\u00bb text_orientation=\u00bbjustified\u00bb use_border_color=\u00bboff\u00bb border_color=\u00bb#ffffff\u00bb border_style=\u00bbsolid\u00bb]<\/p>\n<p>La Mancomunidad de Servicios sociales de Cinco Villas Bortzriak va a ofrecer una nueva forma de trabajar la prevenci\u00f3n del consumo de sustancias. En este caso no va a venir ning\u00fan \u201cexperto\u201d a impartir una conferencia. Tampoco va a consistir en una reuni\u00f3n de amigos y amigas en la que discutir del tema \u201csin orden ni concierto\u201d. Ni por supuesto va a ser un curso en el que la educadora imparta los contenidos. Se va a crear un espacio para compartir entre las personas participantes, el conocimiento basado en la experiencia personal que posea cada una\/o dirigido por actividades y reflexiones promovidas por la educadora.<\/p>\n<p>Esta iniciativa est\u00e1 en contacto con t\u00e9cnicos especializados, lo que facilita la calidad de los contenidos trabajados.<\/p>\n<p>En la intervenci\u00f3n educativa, para lograr un cambio, deben ser trabajados de manera complementaria los siguientes aspectos: conocimientos, actitudes, capacidades y las barreras o condicionantes del contexto que pueden dificultar el cambio. Esta iniciativa se dise\u00f1a con la intenci\u00f3n de ser itinerante en los 5 pueblos, siempre y cuando haya un m\u00ednimo de participantes.<\/p>\n<p><a href=\"http:\/\/www.etxalar.eus\/wp-content\/uploads\/2020\/01\/familiatik-prebentzioa-egut.pdf\" target=\"_blank\" rel=\"noopener noreferrer\"><strong>Calendario<\/strong><\/a>&nbsp; \/ <strong><a href=\"http:\/\/www.etxalar.eus\/wp-content\/uploads\/2020\/01\/kartela-PREVENIR-EN-FAMILIA-Etxalar.pdf\" target=\"_blank\" rel=\"noopener noreferrer\">Evento de Etxalar<\/a><\/strong><\/p>\n<p>[\/tm_pb_text][\/tm_pb_column][\/tm_pb_row][\/tm_pb_section]<\/p>\n","protected":false},"excerpt":{"rendered":"<p>Esta iniciativa se dise\u00f1a con la intenci\u00f3n de ser itinerante en los 5 pueblos, siempre y cuando haya un m\u00ednimo de participantes.<\/p>\n","protected":false},"author":9,"featured_media":9228,"comment_status":"open","ping_status":"open","sticky":false,"template":"","format":"standard","meta":{"_et_pb_use_builder":"","_et_pb_old_content":"","_et_gb_content_width":"","footnotes":""},"categories":[1],"tags":[],"class_list":["post-9227","post","type-post","status-publish","format-standard","has-post-thumbnail","hentry","category-sin-categorizar"],"_links":{"self":[{"href":"https:\/\/www.etxalar.eus\/es\/wp-json\/wp\/v2\/posts\/9227","targetHints":{"allow":["GET"]}}],"collection":[{"href":"https:\/\/www.etxalar.eus\/es\/wp-json\/wp\/v2\/posts"}],"about":[{"href":"https:\/\/www.etxalar.eus\/es\/wp-json\/wp\/v2\/types\/post"}],"author":[{"embeddable":true,"href":"https:\/\/www.etxalar.eus\/es\/wp-json\/wp\/v2\/users\/9"}],"replies":[{"embeddable":true,"href":"https:\/\/www.etxalar.eus\/es\/wp-json\/wp\/v2\/comments?post=9227"}],"version-history":[{"count":0,"href":"https:\/\/www.etxalar.eus\/es\/wp-json\/wp\/v2\/posts\/9227\/revisions"}],"wp:featuredmedia":[{"embeddable":true,"href":"https:\/\/www.etxalar.eus\/es\/wp-json\/wp\/v2\/media\/9228"}],"wp:attachment":[{"href":"https:\/\/www.etxalar.eus\/es\/wp-json\/wp\/v2\/media?parent=9227"}],"wp:term":[{"taxonomy":"category","embeddable":true,"href":"https:\/\/www.etxalar.eus\/es\/wp-json\/wp\/v2\/categories?post=9227"},{"taxonomy":"post_tag","embeddable":true,"href":"https:\/\/www.etxalar.eus\/es\/wp-json\/wp\/v2\/tags?post=9227"}],"curies":[{"name":"wp","href":"https:\/\/api.w.org\/{rel}","templated":true}]}}