{"id":9102,"date":"2019-12-19T16:20:37","date_gmt":"2019-12-19T16:20:37","guid":{"rendered":"http:\/\/beta.etxalar.eus\/?p=9102"},"modified":"2021-04-21T14:51:17","modified_gmt":"2021-04-21T14:51:17","slug":"chocolatada-el-dia-de-reyes","status":"publish","type":"post","link":"https:\/\/www.etxalar.eus\/es\/chocolatada-el-dia-de-reyes\/","title":{"rendered":"Chocolatada el d\u00eda de reyes"},"content":{"rendered":"<p>[tm_pb_section admin_label=\u00bbsection\u00bb][tm_pb_row admin_label=\u00bbrow\u00bb][tm_pb_column type=\u00bb4_4&#8243;][tm_pb_text admin_label=\u00bbChocolatada el d\u00eda de reyes &#8211; Text\u00bb text_orientation=\u00bbjustified\u00bb use_border_color=\u00bboff\u00bb border_color=\u00bb#ffffff\u00bb border_style=\u00bbsolid\u00bb]<\/p>\n<p>Siguiendo la costumbre de los \u00faltimos a\u00f1os, en la tarde de reyes, la sociedad de jubilados Larraburua ofrecer\u00e1 chocolate a los m\u00e1s peque\u00f1os del pueblo. Adem\u00e1s este a\u00f1o, como novedad, han organizado un espect\u00e1culo d emagia, \u201cEl mago Maksim\u201d.<\/p>\n<p>En la sociedad Larraburua, a las 17:30 de la tarde.<\/p>\n<p>[\/tm_pb_text][\/tm_pb_column][\/tm_pb_row][\/tm_pb_section]<\/p>\n","protected":false},"excerpt":{"rendered":"<p>Otro a\u00f1os m\u00e1s la asociaci\u00f3n de Jubilados Larraburua ha organizado una chocolatada para los m\u00e1s peque\u00f1os.<\/p>\n","protected":false},"author":9,"featured_media":9098,"comment_status":"open","ping_status":"open","sticky":false,"template":"","format":"standard","meta":{"_et_pb_use_builder":"","_et_pb_old_content":"","_et_gb_content_width":"","footnotes":""},"categories":[],"tags":[],"class_list":["post-9102","post","type-post","status-publish","format-standard","has-post-thumbnail","hentry"],"_links":{"self":[{"href":"https:\/\/www.etxalar.eus\/es\/wp-json\/wp\/v2\/posts\/9102","targetHints":{"allow":["GET"]}}],"collection":[{"href":"https:\/\/www.etxalar.eus\/es\/wp-json\/wp\/v2\/posts"}],"about":[{"href":"https:\/\/www.etxalar.eus\/es\/wp-json\/wp\/v2\/types\/post"}],"author":[{"embeddable":true,"href":"https:\/\/www.etxalar.eus\/es\/wp-json\/wp\/v2\/users\/9"}],"replies":[{"embeddable":true,"href":"https:\/\/www.etxalar.eus\/es\/wp-json\/wp\/v2\/comments?post=9102"}],"version-history":[{"count":1,"href":"https:\/\/www.etxalar.eus\/es\/wp-json\/wp\/v2\/posts\/9102\/revisions"}],"predecessor-version":[{"id":11104,"href":"https:\/\/www.etxalar.eus\/es\/wp-json\/wp\/v2\/posts\/9102\/revisions\/11104"}],"wp:featuredmedia":[{"embeddable":true,"href":"https:\/\/www.etxalar.eus\/es\/wp-json\/wp\/v2\/media\/9098"}],"wp:attachment":[{"href":"https:\/\/www.etxalar.eus\/es\/wp-json\/wp\/v2\/media?parent=9102"}],"wp:term":[{"taxonomy":"category","embeddable":true,"href":"https:\/\/www.etxalar.eus\/es\/wp-json\/wp\/v2\/categories?post=9102"},{"taxonomy":"post_tag","embeddable":true,"href":"https:\/\/www.etxalar.eus\/es\/wp-json\/wp\/v2\/tags?post=9102"}],"curies":[{"name":"wp","href":"https:\/\/api.w.org\/{rel}","templated":true}]}}