{"id":399517,"date":"2026-03-04T18:51:02","date_gmt":"2026-03-04T17:51:02","guid":{"rendered":"https:\/\/www.etxalar.eus\/8-de-marzo-en-bortziriak-gracias-al-feminismo-hoy-podemos-ser-estar-decir-y-decidir\/"},"modified":"2026-03-04T18:51:02","modified_gmt":"2026-03-04T17:51:02","slug":"8-de-marzo-en-bortziriak-gracias-al-feminismo-hoy-podemos-ser-estar-decir-y-decidir","status":"publish","type":"post","link":"https:\/\/www.etxalar.eus\/es\/8-de-marzo-en-bortziriak-gracias-al-feminismo-hoy-podemos-ser-estar-decir-y-decidir\/","title":{"rendered":"8 de marzo en Bortziriak: Gracias al feminismo&#8230; Hoy podemos ser, estar, decir y decidir"},"content":{"rendered":"\n<div class=\"wp-block-columns is-layout-flex wp-container-core-columns-is-layout-9d6595d7 wp-block-columns-is-layout-flex\">\n<div class=\"wp-block-column is-layout-flow wp-block-column-is-layout-flow\" style=\"flex-basis:66.66%\">\n<p>Con motivo del 8 de marzo, D\u00eda Internacional de las Mujeres, las Entidades Locales y Territoriales de Navarra queremos recordar una realidad fundamental: muchos de los derechos y libertades que hoy tenemos asumidos y que forman parte de nuestra vida cotidiana existen gracias a las luchas del movimiento feminista y a la organizaci\u00f3n colectiva de las mujeres a lo largo de la historia.<\/p>\n\n\n\n<p>En un contexto social en el que el feminismo es cuestionado o deslegitimado mediante discursos reduccionistas o abiertamente antifeministas, se debe reivindicar su papel decisivo en el desarrollo social, la extensi\u00f3n de derechos y el fortalecimiento del sistema democr\u00e1tico. El feminismo no es ajeno a la vida diaria ni una ideolog\u00eda pasajera: es una fuerza hist\u00f3rica que ha transformado la vida de todas las personas, hombres y mujeres, y ha hecho posible el presente en el que vivimos. <\/p>\n\n\n\n<p>A lo largo del \u00faltimo siglo, y no sin resistencias, el feminismo ha impulsado derechos fundamentales que hoy damos por seguros. Gracias a estas luchas, las mujeres lograron el derecho al voto y a la participaci\u00f3n pol\u00edtica; a la educaci\u00f3n en igualdad; al trabajo remunerado, a gestionar el dinero propio y a la autonom\u00eda econ\u00f3mica; a la libertad de movimiento; al divorcio; y al derecho a decidir sobre el propio cuerpo, incluidos aqu\u00ed los derechos sexuales y reproductivos. Asimismo, el feminismo ha sido clave para visibilizar y reivindicar el valor social y econ\u00f3mico del reparto de los cuidados, sin los cuales no se sostiene la vida.  <\/p>\n\n\n\n<p>Ninguno de estos avances fue un regalo ni un proceso espont\u00e1neo. Son el resultado de 300 a\u00f1os de fundamentaci\u00f3n te\u00f3rica, reflexi\u00f3n cr\u00edtica, movilizaci\u00f3n y la perseverancia de generaciones de mujeres. Sin embargo, hoy proliferan discursos que deslegitiman, minimizan o niegan estas luchas, afirmando que la igualdad ya est\u00e1 conseguida o presentando el feminismo como una amenaza. Estos discursos no solo ignoran la historia, sino que ponen en riesgo derechos conquistados y dificultan el avance hacia una igualdad real y efectiva.   <\/p>\n\n\n\n<p>Frente a ello, reafirmamos que el feminismo ha sido y sigue siendo un motor de cambio hacia la justicia social, que ha ampliado derechos no solo para las mujeres, sino para el conjunto de la sociedad. Reconocer su valor hist\u00f3rico y su vigencia actual es una responsabilidad institucional y democr\u00e1tica. <\/p>\n\n\n\n<p>Por todo ello, las Entidades Locales y Territoriales firmantes de esta declaraci\u00f3n asumimos los siguientes compromisos:<\/p>\n\n\n\n<ul class=\"wp-block-list\">\n<li><strong>Impulsar acciones de sensibilizaci\u00f3n y comunicaci\u00f3n<\/strong> que pongan en valor los logros hist\u00f3ricos del feminismo y su impacto en la vida cotidiana, contribuyendo a una ciudadan\u00eda informada y cr\u00edtica frente a los discursos antifeministas.<\/li>\n\n\n\n<li><strong>Incorporar de manera transversal la perspectiva de g\u00e9nero en las pol\u00edticas p\u00fablicas locales<\/strong>, garantizando avances reales hacia la igualdad.<\/li>\n\n\n\n<li><strong>Reforzar la educaci\u00f3n en igualdad y en derechos humanos<\/strong> como herramienta clave para prevenir desigualdades y violencias, especialmente entre la poblaci\u00f3n m\u00e1s joven, poniendo siempre en valor la teor\u00eda e historia feminista.<\/li>\n\n\n\n<li>Reconocer y apoyar el trabajo del movimiento feminista y asociativo, valorando su aportaci\u00f3n hist\u00f3rica y actual a la cohesi\u00f3n social, la justicia y la democracia.<\/li>\n<\/ul>\n\n\n\n<p>Estas acciones contribuir\u00e1n a construir una Navarra m\u00e1s justa, igualitaria y democr\u00e1tica, comprometida con la defensa y ampliaci\u00f3n de los derechos conquistados. Porque si hoy disfrutamos de derechos y libertades, es por la lucha colectiva. El feminismo nos trajo hasta aqu\u00ed. Sin feminismo no hay democracia plena.   <\/p>\n\n\n\n<p>Gracias a \u00e9l, HOY PODEMOS SER, ESTAR, DECIR Y DECIDIR.<\/p>\n<\/div>\n\n\n\n<div class=\"wp-block-column is-layout-flow wp-block-column-is-layout-flow\" style=\"flex-basis:33.33%\">\n<figure class=\"wp-block-image size-full\"><a href=\"&lt;!--[CDATA[https:\/\/www.etxalar.eus\/wp-content\/uploads\/2026\/03\/M8-Botziriak-egitaraua.jpg]]--&gt;\"><img loading=\"lazy\" decoding=\"async\" width=\"596\" height=\"843\" src=\"https:\/\/www.etxalar.eus\/wp-content\/uploads\/2026\/03\/M8-Botziriak-egitaraua.jpg\" alt=\"M8-Botziriak-egitaraua\" class=\"wp-image-399510\" srcset=\"https:\/\/www.etxalar.eus\/wp-content\/uploads\/2026\/03\/M8-Botziriak-egitaraua.jpg 596w, https:\/\/www.etxalar.eus\/wp-content\/uploads\/2026\/03\/M8-Botziriak-egitaraua-480x679.jpg 480w\" sizes=\"(min-width: 0px) and (max-width: 480px) 480px, (min-width: 481px) 596px, 100vw\" \/><\/a><\/figure>\n\n\n\n<figure class=\"wp-block-image size-large\"><a href=\"https:\/\/www.etxalar.eus\/wp-content\/uploads\/2026\/02\/Martxoak-8-kartela.jpg\"><img loading=\"lazy\" decoding=\"async\" width=\"682\" height=\"1024\" src=\"https:\/\/www.etxalar.eus\/wp-content\/uploads\/2026\/02\/Martxoak-8-kartela-682x1024.jpg\" alt=\"Martxoak 8 kartela\" class=\"wp-image-399470\" srcset=\"https:\/\/www.etxalar.eus\/wp-content\/uploads\/2026\/02\/Martxoak-8-kartela-682x1024.jpg 682w, https:\/\/www.etxalar.eus\/wp-content\/uploads\/2026\/02\/Martxoak-8-kartela-480x721.jpg 480w\" sizes=\"(min-width: 0px) and (max-width: 480px) 480px, (min-width: 481px) 682px, 100vw\" \/><\/a><\/figure>\n<\/div>\n<\/div>\n","protected":false},"excerpt":{"rendered":"<p>Con motivo del 8 de marzo, D\u00eda Internacional de las Mujeres, las Entidades Locales y Territoriales de Navarra queremos recordar una realidad fundamental: muchos de los derechos y libertades que [&hellip;]<\/p>\n","protected":false},"author":9,"featured_media":399513,"comment_status":"closed","ping_status":"closed","sticky":false,"template":"","format":"standard","meta":{"_et_pb_use_builder":"off","_et_pb_old_content":"","_et_gb_content_width":"","footnotes":""},"categories":[285,337],"tags":[],"class_list":["post-399517","post","type-post","status-publish","format-standard","has-post-thumbnail","hentry","category-eventos","category-servicio-igualdad"],"_links":{"self":[{"href":"https:\/\/www.etxalar.eus\/es\/wp-json\/wp\/v2\/posts\/399517","targetHints":{"allow":["GET"]}}],"collection":[{"href":"https:\/\/www.etxalar.eus\/es\/wp-json\/wp\/v2\/posts"}],"about":[{"href":"https:\/\/www.etxalar.eus\/es\/wp-json\/wp\/v2\/types\/post"}],"author":[{"embeddable":true,"href":"https:\/\/www.etxalar.eus\/es\/wp-json\/wp\/v2\/users\/9"}],"replies":[{"embeddable":true,"href":"https:\/\/www.etxalar.eus\/es\/wp-json\/wp\/v2\/comments?post=399517"}],"version-history":[{"count":1,"href":"https:\/\/www.etxalar.eus\/es\/wp-json\/wp\/v2\/posts\/399517\/revisions"}],"predecessor-version":[{"id":399518,"href":"https:\/\/www.etxalar.eus\/es\/wp-json\/wp\/v2\/posts\/399517\/revisions\/399518"}],"wp:featuredmedia":[{"embeddable":true,"href":"https:\/\/www.etxalar.eus\/es\/wp-json\/wp\/v2\/media\/399513"}],"wp:attachment":[{"href":"https:\/\/www.etxalar.eus\/es\/wp-json\/wp\/v2\/media?parent=399517"}],"wp:term":[{"taxonomy":"category","embeddable":true,"href":"https:\/\/www.etxalar.eus\/es\/wp-json\/wp\/v2\/categories?post=399517"},{"taxonomy":"post_tag","embeddable":true,"href":"https:\/\/www.etxalar.eus\/es\/wp-json\/wp\/v2\/tags?post=399517"}],"curies":[{"name":"wp","href":"https:\/\/api.w.org\/{rel}","templated":true}]}}