{"id":399219,"date":"2025-12-18T18:59:45","date_gmt":"2025-12-18T17:59:45","guid":{"rendered":"https:\/\/www.etxalar.eus\/en-enero-se-ofreceran-cursos-gratuitos-de-digitalizacion-en-la-casa-de-cultura\/"},"modified":"2025-12-18T19:04:12","modified_gmt":"2025-12-18T18:04:12","slug":"en-enero-se-ofreceran-cursos-gratuitos-de-digitalizacion-en-la-casa-de-cultura","status":"publish","type":"post","link":"https:\/\/www.etxalar.eus\/es\/en-enero-se-ofreceran-cursos-gratuitos-de-digitalizacion-en-la-casa-de-cultura\/","title":{"rendered":"En enero se ofrecer\u00e1n cursos gratu\u00edtos de digitalizaci\u00f3n en la Casa de cultura"},"content":{"rendered":"\n<div class=\"wp-block-columns is-layout-flex wp-container-core-columns-is-layout-9d6595d7 wp-block-columns-is-layout-flex\">\n<div class=\"wp-block-column is-layout-flow wp-block-column-is-layout-flow\">\n<figure class=\"wp-block-image size-full\"><img decoding=\"async\" src=\"https:\/\/www.etxalar.eus\/wp-content\/uploads\/2025\/12\/@CERCA-Etxalar-movil.jpg\" alt=\"\" class=\"wp-image-399213\"\/><\/figure>\n<\/div>\n\n\n\n<div class=\"wp-block-column is-layout-flow wp-block-column-is-layout-flow\">\n<figure class=\"wp-block-image size-full\"><img decoding=\"async\" src=\"https:\/\/www.etxalar.eus\/wp-content\/uploads\/2025\/12\/@CERCA-Etxalar-mujeres.jpg\" alt=\"\" class=\"wp-image-399217\"\/><\/figure>\n<\/div>\n<\/div>\n","protected":false},"excerpt":{"rendered":"","protected":false},"author":9,"featured_media":399222,"comment_status":"closed","ping_status":"closed","sticky":false,"template":"","format":"standard","meta":{"_et_pb_use_builder":"off","_et_pb_old_content":"","_et_gb_content_width":"","footnotes":""},"categories":[267,373,285],"tags":[],"class_list":["post-399219","post","type-post","status-publish","format-standard","has-post-thumbnail","hentry","category-casa-de-cultura","category-cursos","category-eventos"],"_links":{"self":[{"href":"https:\/\/www.etxalar.eus\/es\/wp-json\/wp\/v2\/posts\/399219","targetHints":{"allow":["GET"]}}],"collection":[{"href":"https:\/\/www.etxalar.eus\/es\/wp-json\/wp\/v2\/posts"}],"about":[{"href":"https:\/\/www.etxalar.eus\/es\/wp-json\/wp\/v2\/types\/post"}],"author":[{"embeddable":true,"href":"https:\/\/www.etxalar.eus\/es\/wp-json\/wp\/v2\/users\/9"}],"replies":[{"embeddable":true,"href":"https:\/\/www.etxalar.eus\/es\/wp-json\/wp\/v2\/comments?post=399219"}],"version-history":[{"count":2,"href":"https:\/\/www.etxalar.eus\/es\/wp-json\/wp\/v2\/posts\/399219\/revisions"}],"predecessor-version":[{"id":399224,"href":"https:\/\/www.etxalar.eus\/es\/wp-json\/wp\/v2\/posts\/399219\/revisions\/399224"}],"wp:featuredmedia":[{"embeddable":true,"href":"https:\/\/www.etxalar.eus\/es\/wp-json\/wp\/v2\/media\/399222"}],"wp:attachment":[{"href":"https:\/\/www.etxalar.eus\/es\/wp-json\/wp\/v2\/media?parent=399219"}],"wp:term":[{"taxonomy":"category","embeddable":true,"href":"https:\/\/www.etxalar.eus\/es\/wp-json\/wp\/v2\/categories?post=399219"},{"taxonomy":"post_tag","embeddable":true,"href":"https:\/\/www.etxalar.eus\/es\/wp-json\/wp\/v2\/tags?post=399219"}],"curies":[{"name":"wp","href":"https:\/\/api.w.org\/{rel}","templated":true}]}}