{"id":398604,"date":"2025-09-16T16:40:17","date_gmt":"2025-09-16T14:40:17","guid":{"rendered":"https:\/\/www.etxalar.eus\/el-viernes-se-hara-una-fotografia-en-la-plaza-para-el-dia-bortz\/"},"modified":"2025-09-16T16:42:49","modified_gmt":"2025-09-16T14:42:49","slug":"el-viernes-se-hara-una-fotografia-en-la-plaza-para-el-dia-bortz","status":"publish","type":"post","link":"https:\/\/www.etxalar.eus\/es\/el-viernes-se-hara-una-fotografia-en-la-plaza-para-el-dia-bortz\/","title":{"rendered":"El viernes se har\u00e1 una fotograf\u00eda en la plaza para el d\u00eda \u00abBortz\u00bb"},"content":{"rendered":"\n<div class=\"wp-block-columns is-layout-flex wp-container-core-columns-is-layout-9d6595d7 wp-block-columns-is-layout-flex\">\n<div class=\"wp-block-column is-layout-flow wp-block-column-is-layout-flow\">\n<p><\/p>\n\n\n\n<p><\/p>\n\n\n\n<p>Este a\u00f1o tambi\u00e9n se celebrar\u00e1 el d\u00eda \u00abBortz\u00bb, el d\u00eda del euskara en Bortziriak. Ser\u00e1 el 11 de octubre y este a\u00f1o ser\u00e1 en Lesaka. <\/p>\n\n\n\n<p><br\/>Para calentar motores, se sacar\u00e1 una fotograf\u00eda en la plaza de Etxalar, este viernes, 19 de septiembre, a las siete de la tarde<\/p>\n\n\n\n<p>\u00a1AN\u00cdMATE!<\/p>\n\n\n\n<p>SOLASA, EUSKARAREN ASNASA&#x1f5e3;&#xfe0f;&#x1fac1;<\/p>\n<\/div>\n\n\n\n<div class=\"wp-block-column is-layout-flow wp-block-column-is-layout-flow\">\n<figure class=\"wp-block-image size-full\"><img loading=\"lazy\" decoding=\"async\" width=\"1000\" height=\"1001\" src=\"https:\/\/www.etxalar.eus\/wp-content\/uploads\/2025\/09\/Bortz-eguna-Lesaka.jpg\" alt=\"\" class=\"wp-image-398599\" srcset=\"https:\/\/www.etxalar.eus\/wp-content\/uploads\/2025\/09\/Bortz-eguna-Lesaka.jpg 1000w, https:\/\/www.etxalar.eus\/wp-content\/uploads\/2025\/09\/Bortz-eguna-Lesaka-980x981.jpg 980w, https:\/\/www.etxalar.eus\/wp-content\/uploads\/2025\/09\/Bortz-eguna-Lesaka-480x480.jpg 480w\" sizes=\"(min-width: 0px) and (max-width: 480px) 480px, (min-width: 481px) and (max-width: 980px) 980px, (min-width: 981px) 1000px, 100vw\" \/><\/figure>\n<\/div>\n<\/div>\n","protected":false},"excerpt":{"rendered":"<p>Este a\u00f1o tambi\u00e9n se celebrar\u00e1 el d\u00eda \u00abBortz\u00bb, el d\u00eda del euskara en Bortziriak. Ser\u00e1 el 11 de octubre y este a\u00f1o ser\u00e1 en Lesaka. Para calentar motores, se sacar\u00e1 [&hellip;]<\/p>\n","protected":false},"author":9,"featured_media":398602,"comment_status":"closed","ping_status":"closed","sticky":false,"template":"","format":"standard","meta":{"_et_pb_use_builder":"off","_et_pb_old_content":"","_et_gb_content_width":"","footnotes":""},"categories":[278],"tags":[],"class_list":["post-398604","post","type-post","status-publish","format-standard","has-post-thumbnail","hentry","category-euskara"],"_links":{"self":[{"href":"https:\/\/www.etxalar.eus\/es\/wp-json\/wp\/v2\/posts\/398604","targetHints":{"allow":["GET"]}}],"collection":[{"href":"https:\/\/www.etxalar.eus\/es\/wp-json\/wp\/v2\/posts"}],"about":[{"href":"https:\/\/www.etxalar.eus\/es\/wp-json\/wp\/v2\/types\/post"}],"author":[{"embeddable":true,"href":"https:\/\/www.etxalar.eus\/es\/wp-json\/wp\/v2\/users\/9"}],"replies":[{"embeddable":true,"href":"https:\/\/www.etxalar.eus\/es\/wp-json\/wp\/v2\/comments?post=398604"}],"version-history":[{"count":5,"href":"https:\/\/www.etxalar.eus\/es\/wp-json\/wp\/v2\/posts\/398604\/revisions"}],"predecessor-version":[{"id":398609,"href":"https:\/\/www.etxalar.eus\/es\/wp-json\/wp\/v2\/posts\/398604\/revisions\/398609"}],"wp:featuredmedia":[{"embeddable":true,"href":"https:\/\/www.etxalar.eus\/es\/wp-json\/wp\/v2\/media\/398602"}],"wp:attachment":[{"href":"https:\/\/www.etxalar.eus\/es\/wp-json\/wp\/v2\/media?parent=398604"}],"wp:term":[{"taxonomy":"category","embeddable":true,"href":"https:\/\/www.etxalar.eus\/es\/wp-json\/wp\/v2\/categories?post=398604"},{"taxonomy":"post_tag","embeddable":true,"href":"https:\/\/www.etxalar.eus\/es\/wp-json\/wp\/v2\/tags?post=398604"}],"curies":[{"name":"wp","href":"https:\/\/api.w.org\/{rel}","templated":true}]}}