{"id":396355,"date":"2025-05-09T16:36:04","date_gmt":"2025-05-09T14:36:04","guid":{"rendered":"https:\/\/www.etxalar.eus\/presentacion-del-diagnostico-de-trabajos-de-cuidados-de-cinco-villas\/"},"modified":"2025-05-09T16:36:04","modified_gmt":"2025-05-09T14:36:04","slug":"presentacion-del-diagnostico-de-trabajos-de-cuidados-de-cinco-villas","status":"publish","type":"post","link":"https:\/\/www.etxalar.eus\/es\/presentacion-del-diagnostico-de-trabajos-de-cuidados-de-cinco-villas\/","title":{"rendered":"Presentaci\u00f3n del diagn\u00f3stico de trabajos de cuidados de Cinco Villas"},"content":{"rendered":"\n<div class=\"wp-block-columns is-layout-flex wp-container-core-columns-is-layout-9d6595d7 wp-block-columns-is-layout-flex\">\n<div class=\"wp-block-column is-layout-flow wp-block-column-is-layout-flow\">\n<h2 class=\"wp-block-heading\"><strong>Organizaci\u00f3n de los cuidados en Bortziriak: diagn\u00f3stico y propuesta de acci\u00f3n de cuidados<\/strong><\/h2>\n\n\n\n<p><\/p>\n\n\n\n<p><\/p>\n\n\n\n<p>&#x1f4c6; maiatzaren 15a, ortzeguna<\/p>\n\n\n\n<p>&#x1f555;\u00a0 18:00etan<\/p>\n\n\n\n<p>&#x1f4cd; Lesakako udal pleno aretoan<\/p>\n\n\n\n<p>Bortzirietako errealitatera hurbilduko gara, diagnostikoan antzeman ditugun beharrak plazaratu eta hemendik aitzinera horiek eraldatzeko akordio zabalak eta konpromiso irmoak hartzeko abagunea sortu nahi dugu.<\/p>\n\n\n\n<p><strong>Garraioa, adintxikikoen zaintza zerbitzua edo gaztelaniazko itzulpena <\/strong>behar baduzu<strong>, <\/strong>deitu Bortzirietako Berdintasun Zerbitzura <strong>maiatzaren 13a<\/strong> baino lehen <strong>&#x1f4de;722 69 30 78<\/strong>.<\/p>\n<\/div>\n\n\n\n<div class=\"wp-block-column is-layout-flow wp-block-column-is-layout-flow\">\n<figure class=\"wp-block-image size-large\"><img loading=\"lazy\" decoding=\"async\" width=\"728\" height=\"1024\" src=\"https:\/\/www.etxalar.eus\/wp-content\/uploads\/2025\/05\/Zaintza-aurkezpena-kartela-Bortziriak2025-728x1024.jpeg\" alt=\"\" class=\"wp-image-396350\"\/><\/figure>\n<\/div>\n<\/div>\n","protected":false},"excerpt":{"rendered":"<p>Organizaci\u00f3n de los cuidados en Bortziriak: diagn\u00f3stico y propuesta de acci\u00f3n de cuidados &#x1f4c6; maiatzaren 15a, ortzeguna &#x1f555;\u00a0 18:00etan &#x1f4cd; Lesakako udal pleno aretoan Bortzirietako errealitatera hurbilduko gara, diagnostikoan antzeman [&hellip;]<\/p>\n","protected":false},"author":9,"featured_media":396353,"comment_status":"closed","ping_status":"closed","sticky":false,"template":"","format":"standard","meta":{"_et_pb_use_builder":"off","_et_pb_old_content":"","_et_gb_content_width":"","footnotes":""},"categories":[337],"tags":[],"class_list":["post-396355","post","type-post","status-publish","format-standard","has-post-thumbnail","hentry","category-servicio-igualdad"],"_links":{"self":[{"href":"https:\/\/www.etxalar.eus\/es\/wp-json\/wp\/v2\/posts\/396355","targetHints":{"allow":["GET"]}}],"collection":[{"href":"https:\/\/www.etxalar.eus\/es\/wp-json\/wp\/v2\/posts"}],"about":[{"href":"https:\/\/www.etxalar.eus\/es\/wp-json\/wp\/v2\/types\/post"}],"author":[{"embeddable":true,"href":"https:\/\/www.etxalar.eus\/es\/wp-json\/wp\/v2\/users\/9"}],"replies":[{"embeddable":true,"href":"https:\/\/www.etxalar.eus\/es\/wp-json\/wp\/v2\/comments?post=396355"}],"version-history":[{"count":1,"href":"https:\/\/www.etxalar.eus\/es\/wp-json\/wp\/v2\/posts\/396355\/revisions"}],"predecessor-version":[{"id":396356,"href":"https:\/\/www.etxalar.eus\/es\/wp-json\/wp\/v2\/posts\/396355\/revisions\/396356"}],"wp:featuredmedia":[{"embeddable":true,"href":"https:\/\/www.etxalar.eus\/es\/wp-json\/wp\/v2\/media\/396353"}],"wp:attachment":[{"href":"https:\/\/www.etxalar.eus\/es\/wp-json\/wp\/v2\/media?parent=396355"}],"wp:term":[{"taxonomy":"category","embeddable":true,"href":"https:\/\/www.etxalar.eus\/es\/wp-json\/wp\/v2\/categories?post=396355"},{"taxonomy":"post_tag","embeddable":true,"href":"https:\/\/www.etxalar.eus\/es\/wp-json\/wp\/v2\/tags?post=396355"}],"curies":[{"name":"wp","href":"https:\/\/api.w.org\/{rel}","templated":true}]}}