{"id":264468,"date":"2025-03-21T09:16:17","date_gmt":"2025-03-21T08:16:17","guid":{"rendered":"https:\/\/www.etxalar.eus\/8-de-marzo-en-etxalar-y-bortziriak\/"},"modified":"2025-03-31T11:31:48","modified_gmt":"2025-03-31T09:31:48","slug":"8-de-marzo-en-etxalar-y-bortziriak","status":"publish","type":"post","link":"https:\/\/www.etxalar.eus\/es\/8-de-marzo-en-etxalar-y-bortziriak\/","title":{"rendered":"8 de marzo en Etxalar y Bortziriak"},"content":{"rendered":"<p>[et_pb_section admin_label=\u00bbsection\u00bb]<br \/>\n\t\t\t[et_pb_row admin_label=\u00bbrow\u00bb]<br \/>\n\t\t\t\t[et_pb_column type=\u00bb4_4&#8243;][et_pb_text admin_label=\u00bbText\u00bb]<!-- divi:paragraph --><\/p>\n<p>El 13 de febrero de 2025, en sesi\u00f3n plenaria celebrada por el Ayuntamiento, se aprob\u00f3 el siguiente acuerdo, que queda redactado en su totalidad:<\/p>\n<p><!-- \/divi:paragraph --><\/p>\n<p><!-- divi:paragraph --><\/p>\n<p>Declaraci\u00f3n institucional: DESIGUALDAD REALIDAD, JUSTICIA PENDIENTE.<\/p>\n<p><!-- \/divi:paragraph --><\/p>\n<p><!-- divi:paragraph --><\/p>\n<p>Para m\u00e1s informaci\u00f3n, haz click <a href=\"https:\/\/bortziriakberd.eus\/kanpaina\/martxoak-8-3\/\">aqu\u00ed<\/a>.<\/p>\n<p><!-- \/divi:paragraph --><\/p>\n<p><!-- divi:image {\"id\":263681,\"width\":\"420px\",\"height\":\"auto\",\"sizeSlug\":\"large\",\"linkDestination\":\"none\"} --><\/p>\n<figure class=\"wp-block-image size-large is-resized\"><img loading=\"lazy\" decoding=\"async\" width=\"726\" height=\"1024\" src=\"https:\/\/www.etxalar.eus\/wp-content\/uploads\/2025\/03\/M8-mendi-itzulia-726x1024.jpg\" alt=\"\" class=\"wp-image-263681\" style=\"width:420px;height:auto\"><\/figure>\n<p><!-- \/divi:image --><\/p>\n<p><!-- divi:columns --><\/p>\n<div class=\"wp-block-columns\"><!-- divi:column --><\/p>\n<div class=\"wp-block-column\"><\/div>\n<p><!-- \/divi:column --><\/p>\n<p><!-- divi:column --><\/p>\n<div class=\"wp-block-column\"><\/div>\n<p><!-- \/divi:column --><\/div>\n<p><!-- \/divi:columns -->[\/et_pb_text][\/et_pb_column]<br \/>\n\t\t\t[\/et_pb_row]<br \/>\n\t\t[\/et_pb_section]<\/p>\n","protected":false},"excerpt":{"rendered":"<p>El 13 de febrero de 2025, en sesi\u00f3n plenaria celebrada por el Ayuntamiento, se aprob\u00f3 el siguiente acuerdo, que queda redactado en su totalidad: Declaraci\u00f3n institucional: DESIGUALDAD REALIDAD, JUSTICIA PENDIENTE. [&hellip;]<\/p>\n","protected":false},"author":9,"featured_media":263682,"comment_status":"closed","ping_status":"closed","sticky":false,"template":"","format":"standard","meta":{"_et_pb_use_builder":"on","_et_pb_old_content":"","_et_gb_content_width":"","footnotes":""},"categories":[337],"tags":[],"class_list":["post-264468","post","type-post","status-publish","format-standard","has-post-thumbnail","hentry","category-servicio-igualdad"],"_links":{"self":[{"href":"https:\/\/www.etxalar.eus\/es\/wp-json\/wp\/v2\/posts\/264468","targetHints":{"allow":["GET"]}}],"collection":[{"href":"https:\/\/www.etxalar.eus\/es\/wp-json\/wp\/v2\/posts"}],"about":[{"href":"https:\/\/www.etxalar.eus\/es\/wp-json\/wp\/v2\/types\/post"}],"author":[{"embeddable":true,"href":"https:\/\/www.etxalar.eus\/es\/wp-json\/wp\/v2\/users\/9"}],"replies":[{"embeddable":true,"href":"https:\/\/www.etxalar.eus\/es\/wp-json\/wp\/v2\/comments?post=264468"}],"version-history":[{"count":3,"href":"https:\/\/www.etxalar.eus\/es\/wp-json\/wp\/v2\/posts\/264468\/revisions"}],"predecessor-version":[{"id":265178,"href":"https:\/\/www.etxalar.eus\/es\/wp-json\/wp\/v2\/posts\/264468\/revisions\/265178"}],"wp:featuredmedia":[{"embeddable":true,"href":"https:\/\/www.etxalar.eus\/es\/wp-json\/wp\/v2\/media\/263682"}],"wp:attachment":[{"href":"https:\/\/www.etxalar.eus\/es\/wp-json\/wp\/v2\/media?parent=264468"}],"wp:term":[{"taxonomy":"category","embeddable":true,"href":"https:\/\/www.etxalar.eus\/es\/wp-json\/wp\/v2\/categories?post=264468"},{"taxonomy":"post_tag","embeddable":true,"href":"https:\/\/www.etxalar.eus\/es\/wp-json\/wp\/v2\/tags?post=264468"}],"curies":[{"name":"wp","href":"https:\/\/api.w.org\/{rel}","templated":true}]}}