{"id":263816,"date":"2025-03-13T12:19:51","date_gmt":"2025-03-13T11:19:51","guid":{"rendered":"https:\/\/www.etxalar.eus\/pago-del-impuesto-de-vehiculos\/"},"modified":"2025-03-31T11:27:20","modified_gmt":"2025-03-31T09:27:20","slug":"pago-del-impuesto-de-vehiculos","status":"publish","type":"post","link":"https:\/\/www.etxalar.eus\/es\/pago-del-impuesto-de-vehiculos\/","title":{"rendered":"Pago del impuesto de veh\u00edculos"},"content":{"rendered":"<p>[et_pb_section fb_built=\u00bb1&#8243; admin_label=\u00bbsection\u00bb _builder_version=\u00bb4.16&#8243; global_colors_info=\u00bb{}\u00bb][et_pb_row admin_label=\u00bbrow\u00bb _builder_version=\u00bb4.16&#8243; background_size=\u00bbinitial\u00bb background_position=\u00bbtop_left\u00bb background_repeat=\u00bbrepeat\u00bb global_colors_info=\u00bb{}\u00bb][et_pb_column type=\u00bb4_4&#8243; _builder_version=\u00bb4.16&#8243; custom_padding=\u00bb|||\u00bb global_colors_info=\u00bb{}\u00bb custom_padding__hover=\u00bb|||\u00bb][et_pb_text admin_label=\u00bbText\u00bb _builder_version=\u00bb4.16&#8243; background_size=\u00bbinitial\u00bb background_position=\u00bbtop_left\u00bb background_repeat=\u00bbrepeat\u00bb global_colors_info=\u00bb{}\u00bb]<\/p>\n<h3 class=\"wp-block-heading\">La fecha l\u00edmite para pagar el impuesto de veh\u00edculos ser\u00e1 el 6 de abril.<\/h3>\n<p>Por la presente informo:<\/p>\n<p>El IMPUESTO SOBRE VEH\u00cdCULOS del a\u00f1o 2025 se cobrar\u00e1 de la siguiente manera:<\/p>\n<ul class=\"wp-block-list\">\n<li>A LOS QUE TENGAN DOMICILIO EN EL BANCO se les cobrar\u00e1 directamente de su cuenta.<\/li>\n<li>AQUELLOS QUE NO DISPONGAN DE DOMICILIO EN EL BANCO pueden ingresar en cualquier cuenta de LA CAIXA o RURAL KUTXA del Ayuntamiento de Etxalar.<\/li>\n<li><strong>FECHA L\u00cdMITE para comunicar nuevos ERRORES de datos<\/strong> : del 6\/3\/2025 al 20\/3\/2025.<\/li>\n<li><strong>PERIODO DE PAGO<\/strong> : Desde el 06\/03\/2025 al 06\/04\/2025.<\/li>\n<\/ul>\n<p>En Etxalar, 6 de marzo de 2025<\/p>\n<\/p>\n<p>Alcalde,<br \/> Xabier Etxarte de Miquelest<\/p>\n<div class=\"wp-block-columns\">\n<div class=\"wp-block-column\">\n<figure class=\"wp-block-image size-large\"><img loading=\"lazy\" decoding=\"async\" width=\"724\" height=\"1024\" src=\"https:\/\/www.etxalar.eus\/wp-content\/uploads\/2025\/03\/Ibilgailuen-zerga-724x1024.jpg\" alt=\"\" class=\"wp-image-263757\"><\/figure>\n<\/div>\n<div class=\"wp-block-column\"><\/div>\n<\/div>\n<p>[\/et_pb_text][\/et_pb_column][\/et_pb_row][\/et_pb_section]<\/p>\n","protected":false},"excerpt":{"rendered":"<p>La fecha l\u00edmite para pagar el impuesto de veh\u00edculos ser\u00e1 el 6 de abril. Por la presente informo: El IMPUESTO SOBRE VEH\u00cdCULOS del a\u00f1o 2025 se cobrar\u00e1 de la siguiente [&hellip;]<\/p>\n","protected":false},"author":9,"featured_media":10987,"comment_status":"closed","ping_status":"closed","sticky":false,"template":"","format":"standard","meta":{"_et_pb_use_builder":"on","_et_pb_old_content":"","_et_gb_content_width":"","footnotes":""},"categories":[274],"tags":[],"class_list":["post-263816","post","type-post","status-publish","format-standard","has-post-thumbnail","hentry","category-ayuntamiento-avisos"],"_links":{"self":[{"href":"https:\/\/www.etxalar.eus\/es\/wp-json\/wp\/v2\/posts\/263816","targetHints":{"allow":["GET"]}}],"collection":[{"href":"https:\/\/www.etxalar.eus\/es\/wp-json\/wp\/v2\/posts"}],"about":[{"href":"https:\/\/www.etxalar.eus\/es\/wp-json\/wp\/v2\/types\/post"}],"author":[{"embeddable":true,"href":"https:\/\/www.etxalar.eus\/es\/wp-json\/wp\/v2\/users\/9"}],"replies":[{"embeddable":true,"href":"https:\/\/www.etxalar.eus\/es\/wp-json\/wp\/v2\/comments?post=263816"}],"version-history":[{"count":5,"href":"https:\/\/www.etxalar.eus\/es\/wp-json\/wp\/v2\/posts\/263816\/revisions"}],"predecessor-version":[{"id":265174,"href":"https:\/\/www.etxalar.eus\/es\/wp-json\/wp\/v2\/posts\/263816\/revisions\/265174"}],"wp:featuredmedia":[{"embeddable":true,"href":"https:\/\/www.etxalar.eus\/es\/wp-json\/wp\/v2\/media\/10987"}],"wp:attachment":[{"href":"https:\/\/www.etxalar.eus\/es\/wp-json\/wp\/v2\/media?parent=263816"}],"wp:term":[{"taxonomy":"category","embeddable":true,"href":"https:\/\/www.etxalar.eus\/es\/wp-json\/wp\/v2\/categories?post=263816"},{"taxonomy":"post_tag","embeddable":true,"href":"https:\/\/www.etxalar.eus\/es\/wp-json\/wp\/v2\/tags?post=263816"}],"curies":[{"name":"wp","href":"https:\/\/api.w.org\/{rel}","templated":true}]}}