{"id":19353,"date":"2025-01-24T16:40:50","date_gmt":"2025-01-24T16:40:50","guid":{"rendered":"https:\/\/www.etxalar.eus\/?p=19353"},"modified":"2025-03-31T11:33:02","modified_gmt":"2025-03-31T09:33:02","slug":"se-ha-publicado-el-calendario-laboral-del-personal-al-servicio-del-ayuntamiento-para-el-ano-2025","status":"publish","type":"post","link":"https:\/\/www.etxalar.eus\/es\/se-ha-publicado-el-calendario-laboral-del-personal-al-servicio-del-ayuntamiento-para-el-ano-2025\/","title":{"rendered":"Se ha publicado el calendario laboral del personal al servicio del Ayuntamiento para el a\u00f1o 2025"},"content":{"rendered":"<p>Ver calendario laboral y d\u00edas inh\u00e1biles para el personal municipal 2025, <a href=\"https:\/\/bon.navarra.es\/eu\/iragarkia\/-\/texto\/2025\/8\/41\">clicando aqu\u00ed<\/a>.<\/p>\n\n<div class=\"wp-block-columns is-layout-flex wp-container-core-columns-is-layout-9d6595d7 wp-block-columns-is-layout-flex\">\n<div class=\"wp-block-column is-layout-flow wp-block-column-is-layout-flow\">\n<figure class=\"wp-block-image size-full\"><img loading=\"lazy\" decoding=\"async\" width=\"800\" height=\"532\" src=\"https:\/\/www.etxalar.eus\/wp-content\/uploads\/2021\/02\/Etxalark-udala.jpg\" alt=\"\" class=\"wp-image-10747\" srcset=\"https:\/\/www.etxalar.eus\/wp-content\/uploads\/2021\/02\/Etxalark-udala.jpg 800w, https:\/\/www.etxalar.eus\/wp-content\/uploads\/2021\/02\/Etxalark-udala-300x200.jpg 300w, https:\/\/www.etxalar.eus\/wp-content\/uploads\/2021\/02\/Etxalark-udala-768x511.jpg 768w\" sizes=\"(max-width: 800px) 100vw, 800px\" \/><\/figure>\n<\/div>\n\n\n\n<div class=\"wp-block-column is-layout-flow wp-block-column-is-layout-flow\"><\/div>\n<\/div>\n","protected":false},"excerpt":{"rendered":"<p>El acuerdo fue aprobado por el Ayuntamiento de Etxalar, en sesi\u00f3n celebrada con fecha 19 de diciembre de 2024<\/p>\n","protected":false},"author":9,"featured_media":263708,"comment_status":"closed","ping_status":"open","sticky":false,"template":"","format":"standard","meta":{"_et_pb_use_builder":"","_et_pb_old_content":"","_et_gb_content_width":"","footnotes":""},"categories":[253],"tags":[],"class_list":["post-19353","post","type-post","status-publish","format-standard","has-post-thumbnail","hentry","category-ayuntamiento"],"_links":{"self":[{"href":"https:\/\/www.etxalar.eus\/es\/wp-json\/wp\/v2\/posts\/19353","targetHints":{"allow":["GET"]}}],"collection":[{"href":"https:\/\/www.etxalar.eus\/es\/wp-json\/wp\/v2\/posts"}],"about":[{"href":"https:\/\/www.etxalar.eus\/es\/wp-json\/wp\/v2\/types\/post"}],"author":[{"embeddable":true,"href":"https:\/\/www.etxalar.eus\/es\/wp-json\/wp\/v2\/users\/9"}],"replies":[{"embeddable":true,"href":"https:\/\/www.etxalar.eus\/es\/wp-json\/wp\/v2\/comments?post=19353"}],"version-history":[{"count":6,"href":"https:\/\/www.etxalar.eus\/es\/wp-json\/wp\/v2\/posts\/19353\/revisions"}],"predecessor-version":[{"id":265179,"href":"https:\/\/www.etxalar.eus\/es\/wp-json\/wp\/v2\/posts\/19353\/revisions\/265179"}],"wp:featuredmedia":[{"embeddable":true,"href":"https:\/\/www.etxalar.eus\/es\/wp-json\/wp\/v2\/media\/263708"}],"wp:attachment":[{"href":"https:\/\/www.etxalar.eus\/es\/wp-json\/wp\/v2\/media?parent=19353"}],"wp:term":[{"taxonomy":"category","embeddable":true,"href":"https:\/\/www.etxalar.eus\/es\/wp-json\/wp\/v2\/categories?post=19353"},{"taxonomy":"post_tag","embeddable":true,"href":"https:\/\/www.etxalar.eus\/es\/wp-json\/wp\/v2\/tags?post=19353"}],"curies":[{"name":"wp","href":"https:\/\/api.w.org\/{rel}","templated":true}]}}