{"id":19268,"date":"2024-12-16T17:30:04","date_gmt":"2024-12-16T17:30:04","guid":{"rendered":"https:\/\/www.etxalar.eus\/?p=19268"},"modified":"2024-12-16T17:30:04","modified_gmt":"2024-12-16T17:30:04","slug":"el-grupo-de-canto-del-pueblo-hara-un-ensayo-abierto-el-sabado-en-la-casa-de-cultura","status":"publish","type":"post","link":"https:\/\/www.etxalar.eus\/es\/el-grupo-de-canto-del-pueblo-hara-un-ensayo-abierto-el-sabado-en-la-casa-de-cultura\/","title":{"rendered":"El grupo de canto del pueblo har\u00e1 un ensayo abierto, el s\u00e1bado en la Casa de Cultura"},"content":{"rendered":"<p><img loading=\"lazy\" decoding=\"async\" src=\"https:\/\/www.etxalar.eus\/wp-content\/uploads\/2024\/12\/Olentzerotako-kantu-entsaioa-768x960.jpg\" sizes=\"(max-width: 710px) 100vw, 710px\" srcset=\"https:\/\/www.etxalar.eus\/wp-content\/uploads\/2024\/12\/Olentzerotako-kantu-entsaioa-768x960.jpg 768w, https:\/\/www.etxalar.eus\/wp-content\/uploads\/2024\/12\/Olentzerotako-kantu-entsaioa-240x300.jpg 240w, https:\/\/www.etxalar.eus\/wp-content\/uploads\/2024\/12\/Olentzerotako-kantu-entsaioa-819x1024.jpg 819w, https:\/\/www.etxalar.eus\/wp-content\/uploads\/2024\/12\/Olentzerotako-kantu-entsaioa.jpg 1080w\" alt=\"Olentzerotako kantu entsaioa\" width=\"710\" height=\"888\"><\/p>\n","protected":false},"excerpt":{"rendered":"<p>El coro har\u00e1 su ensayo general e invitan a adultos, j\u00f3venes, ni\u00f1@s, m\u00fasicos y cantor@s del pueblo a cantar canciones navide\u00f1as el d\u00eda del Olentzero<\/p>\n","protected":false},"author":9,"featured_media":0,"comment_status":"closed","ping_status":"open","sticky":false,"template":"","format":"standard","meta":{"_et_pb_use_builder":"","_et_pb_old_content":"","_et_gb_content_width":"","footnotes":""},"categories":[1],"tags":[],"class_list":["post-19268","post","type-post","status-publish","format-standard","hentry","category-sin-categorizar"],"_links":{"self":[{"href":"https:\/\/www.etxalar.eus\/es\/wp-json\/wp\/v2\/posts\/19268","targetHints":{"allow":["GET"]}}],"collection":[{"href":"https:\/\/www.etxalar.eus\/es\/wp-json\/wp\/v2\/posts"}],"about":[{"href":"https:\/\/www.etxalar.eus\/es\/wp-json\/wp\/v2\/types\/post"}],"author":[{"embeddable":true,"href":"https:\/\/www.etxalar.eus\/es\/wp-json\/wp\/v2\/users\/9"}],"replies":[{"embeddable":true,"href":"https:\/\/www.etxalar.eus\/es\/wp-json\/wp\/v2\/comments?post=19268"}],"version-history":[{"count":1,"href":"https:\/\/www.etxalar.eus\/es\/wp-json\/wp\/v2\/posts\/19268\/revisions"}],"predecessor-version":[{"id":19269,"href":"https:\/\/www.etxalar.eus\/es\/wp-json\/wp\/v2\/posts\/19268\/revisions\/19269"}],"wp:attachment":[{"href":"https:\/\/www.etxalar.eus\/es\/wp-json\/wp\/v2\/media?parent=19268"}],"wp:term":[{"taxonomy":"category","embeddable":true,"href":"https:\/\/www.etxalar.eus\/es\/wp-json\/wp\/v2\/categories?post=19268"},{"taxonomy":"post_tag","embeddable":true,"href":"https:\/\/www.etxalar.eus\/es\/wp-json\/wp\/v2\/tags?post=19268"}],"curies":[{"name":"wp","href":"https:\/\/api.w.org\/{rel}","templated":true}]}}