{"id":19257,"date":"2024-12-04T17:49:21","date_gmt":"2024-12-04T17:49:21","guid":{"rendered":"https:\/\/www.etxalar.eus\/?p=19257"},"modified":"2024-12-04T17:49:21","modified_gmt":"2024-12-04T17:49:21","slug":"el-9-de-diciembre-habra-un-taller-de-decoracion-navidena-en-la-casa-de-cultura","status":"publish","type":"post","link":"https:\/\/www.etxalar.eus\/es\/el-9-de-diciembre-habra-un-taller-de-decoracion-navidena-en-la-casa-de-cultura\/","title":{"rendered":"El 9 de diciembre habr\u00e1 un taller de decoraci\u00f3n navide\u00f1a en la Casa de Cultura"},"content":{"rendered":"<p><img loading=\"lazy\" decoding=\"async\" src=\"https:\/\/www.etxalar.eus\/wp-content\/uploads\/2024\/12\/Eguberrietako-apaingarri-tailerra-768x1086.jpg\" sizes=\"(max-width: 710px) 100vw, 710px\" srcset=\"https:\/\/www.etxalar.eus\/wp-content\/uploads\/2024\/12\/Eguberrietako-apaingarri-tailerra-768x1086.jpg 768w, https:\/\/www.etxalar.eus\/wp-content\/uploads\/2024\/12\/Eguberrietako-apaingarri-tailerra-212x300.jpg 212w, https:\/\/www.etxalar.eus\/wp-content\/uploads\/2024\/12\/Eguberrietako-apaingarri-tailerra-724x1024.jpg 724w, https:\/\/www.etxalar.eus\/wp-content\/uploads\/2024\/12\/Eguberrietako-apaingarri-tailerra-1086x1536.jpg 1086w, https:\/\/www.etxalar.eus\/wp-content\/uploads\/2024\/12\/Eguberrietako-apaingarri-tailerra-1448x2048.jpg 1448w, https:\/\/www.etxalar.eus\/wp-content\/uploads\/2024\/12\/Eguberrietako-apaingarri-tailerra.jpg 1587w\" alt=\"\" width=\"710\" height=\"1004\"><\/p>\n","protected":false},"excerpt":{"rendered":"<p>Se har\u00e1n mu\u00f1ecos de nieve, estrellas, copos de nieve&#8230; con papel, para decorar la Casa de Cultura<\/p>\n","protected":false},"author":9,"featured_media":0,"comment_status":"closed","ping_status":"open","sticky":false,"template":"","format":"standard","meta":{"_et_pb_use_builder":"","_et_pb_old_content":"","_et_gb_content_width":"","footnotes":""},"categories":[267,235,1],"tags":[],"class_list":["post-19257","post","type-post","status-publish","format-standard","hentry","category-casa-de-cultura","category-uncategorized-eu","category-sin-categorizar"],"_links":{"self":[{"href":"https:\/\/www.etxalar.eus\/es\/wp-json\/wp\/v2\/posts\/19257","targetHints":{"allow":["GET"]}}],"collection":[{"href":"https:\/\/www.etxalar.eus\/es\/wp-json\/wp\/v2\/posts"}],"about":[{"href":"https:\/\/www.etxalar.eus\/es\/wp-json\/wp\/v2\/types\/post"}],"author":[{"embeddable":true,"href":"https:\/\/www.etxalar.eus\/es\/wp-json\/wp\/v2\/users\/9"}],"replies":[{"embeddable":true,"href":"https:\/\/www.etxalar.eus\/es\/wp-json\/wp\/v2\/comments?post=19257"}],"version-history":[{"count":1,"href":"https:\/\/www.etxalar.eus\/es\/wp-json\/wp\/v2\/posts\/19257\/revisions"}],"predecessor-version":[{"id":19258,"href":"https:\/\/www.etxalar.eus\/es\/wp-json\/wp\/v2\/posts\/19257\/revisions\/19258"}],"wp:attachment":[{"href":"https:\/\/www.etxalar.eus\/es\/wp-json\/wp\/v2\/media?parent=19257"}],"wp:term":[{"taxonomy":"category","embeddable":true,"href":"https:\/\/www.etxalar.eus\/es\/wp-json\/wp\/v2\/categories?post=19257"},{"taxonomy":"post_tag","embeddable":true,"href":"https:\/\/www.etxalar.eus\/es\/wp-json\/wp\/v2\/tags?post=19257"}],"curies":[{"name":"wp","href":"https:\/\/api.w.org\/{rel}","templated":true}]}}