{"id":19215,"date":"2024-11-21T18:41:57","date_gmt":"2024-11-21T18:41:57","guid":{"rendered":"https:\/\/www.etxalar.eus\/?p=19215"},"modified":"2024-11-21T18:41:57","modified_gmt":"2024-11-21T18:41:57","slug":"manana-sonaran-las-melodias-de-los-musicos-de-etxalar-para-celebrar-el-dia-de-santa-cecilia","status":"publish","type":"post","link":"https:\/\/www.etxalar.eus\/es\/manana-sonaran-las-melodias-de-los-musicos-de-etxalar-para-celebrar-el-dia-de-santa-cecilia\/","title":{"rendered":"Ma\u00f1ana, sonar\u00e1n las melod\u00edas de los m\u00fasicos de Etxalar para celebrar el d\u00eda de Santa Cecilia"},"content":{"rendered":"<p><img loading=\"lazy\" decoding=\"async\" src=\"https:\/\/www.etxalar.eus\/wp-content\/uploads\/2024\/11\/santa-zezilia-eguna-768x1086.jpg\" sizes=\"(max-width: 710px) 100vw, 710px\" srcset=\"https:\/\/www.etxalar.eus\/wp-content\/uploads\/2024\/11\/santa-zezilia-eguna-768x1086.jpg 768w, https:\/\/www.etxalar.eus\/wp-content\/uploads\/2024\/11\/santa-zezilia-eguna-212x300.jpg 212w, https:\/\/www.etxalar.eus\/wp-content\/uploads\/2024\/11\/santa-zezilia-eguna-724x1024.jpg 724w, https:\/\/www.etxalar.eus\/wp-content\/uploads\/2024\/11\/santa-zezilia-eguna-1086x1536.jpg 1086w, https:\/\/www.etxalar.eus\/wp-content\/uploads\/2024\/11\/santa-zezilia-eguna-1448x2048.jpg 1448w, https:\/\/www.etxalar.eus\/wp-content\/uploads\/2024\/11\/santa-zezilia-eguna.jpg 1587w\" alt=\"Santa Zezilia Etxalar\" width=\"710\" height=\"1004\"><\/p>\n","protected":false},"excerpt":{"rendered":"<p>Juanjo Tomasena, Txistularis de Etxalar, Itsaso eta Irune Elizagoien, Erlaitza taldea, cantos de la Pastoral&#8230; <\/p>\n","protected":false},"author":9,"featured_media":0,"comment_status":"closed","ping_status":"open","sticky":false,"template":"","format":"standard","meta":{"_et_pb_use_builder":"","_et_pb_old_content":"","_et_gb_content_width":"","footnotes":""},"categories":[235,1],"tags":[],"class_list":["post-19215","post","type-post","status-publish","format-standard","hentry","category-uncategorized-eu","category-sin-categorizar"],"_links":{"self":[{"href":"https:\/\/www.etxalar.eus\/es\/wp-json\/wp\/v2\/posts\/19215","targetHints":{"allow":["GET"]}}],"collection":[{"href":"https:\/\/www.etxalar.eus\/es\/wp-json\/wp\/v2\/posts"}],"about":[{"href":"https:\/\/www.etxalar.eus\/es\/wp-json\/wp\/v2\/types\/post"}],"author":[{"embeddable":true,"href":"https:\/\/www.etxalar.eus\/es\/wp-json\/wp\/v2\/users\/9"}],"replies":[{"embeddable":true,"href":"https:\/\/www.etxalar.eus\/es\/wp-json\/wp\/v2\/comments?post=19215"}],"version-history":[{"count":1,"href":"https:\/\/www.etxalar.eus\/es\/wp-json\/wp\/v2\/posts\/19215\/revisions"}],"predecessor-version":[{"id":19216,"href":"https:\/\/www.etxalar.eus\/es\/wp-json\/wp\/v2\/posts\/19215\/revisions\/19216"}],"wp:attachment":[{"href":"https:\/\/www.etxalar.eus\/es\/wp-json\/wp\/v2\/media?parent=19215"}],"wp:term":[{"taxonomy":"category","embeddable":true,"href":"https:\/\/www.etxalar.eus\/es\/wp-json\/wp\/v2\/categories?post=19215"},{"taxonomy":"post_tag","embeddable":true,"href":"https:\/\/www.etxalar.eus\/es\/wp-json\/wp\/v2\/tags?post=19215"}],"curies":[{"name":"wp","href":"https:\/\/api.w.org\/{rel}","templated":true}]}}