{"id":19205,"date":"2024-11-21T16:30:49","date_gmt":"2024-11-21T16:30:49","guid":{"rendered":"https:\/\/www.etxalar.eus\/?p=19205"},"modified":"2024-11-21T16:30:49","modified_gmt":"2024-11-21T16:30:49","slug":"la-sociedad-larraburua-ha-organizado-una-charla-sobre-alimentacion-y-el-dia-del-la-asociad","status":"publish","type":"post","link":"https:\/\/www.etxalar.eus\/es\/la-sociedad-larraburua-ha-organizado-una-charla-sobre-alimentacion-y-el-dia-del-la-asociad\/","title":{"rendered":"La sociedad Larraburua ha organizado una charla sobre alimentaci\u00f3n y el d\u00eda del\/la asociad@"},"content":{"rendered":"<p><img loading=\"lazy\" decoding=\"async\" src=\"https:\/\/www.etxalar.eus\/wp-content\/uploads\/2024\/11\/Frantzisko-Xabier-2024-1024x713.jpg\" sizes=\"(max-width: 710px) 100vw, 710px\" srcset=\"https:\/\/www.etxalar.eus\/wp-content\/uploads\/2024\/11\/Frantzisko-Xabier-2024-1024x713.jpg 1024w, https:\/\/www.etxalar.eus\/wp-content\/uploads\/2024\/11\/Frantzisko-Xabier-2024-300x209.jpg 300w, https:\/\/www.etxalar.eus\/wp-content\/uploads\/2024\/11\/Frantzisko-Xabier-2024-768x535.jpg 768w, https:\/\/www.etxalar.eus\/wp-content\/uploads\/2024\/11\/Frantzisko-Xabier-2024.jpg 1316w\" alt=\"\" width=\"710\" height=\"494\"><br \/>\n<img loading=\"lazy\" decoding=\"async\" src=\"https:\/\/www.etxalar.eus\/wp-content\/uploads\/2024\/11\/Elikadura-hitzaldia-Larraburuan-724x1024.jpg\" sizes=\"(max-width: 710px) 100vw, 710px\" srcset=\"https:\/\/www.etxalar.eus\/wp-content\/uploads\/2024\/11\/Elikadura-hitzaldia-Larraburuan-724x1024.jpg 724w, https:\/\/www.etxalar.eus\/wp-content\/uploads\/2024\/11\/Elikadura-hitzaldia-Larraburuan-212x300.jpg 212w, https:\/\/www.etxalar.eus\/wp-content\/uploads\/2024\/11\/Elikadura-hitzaldia-Larraburuan-768x1087.jpg 768w, https:\/\/www.etxalar.eus\/wp-content\/uploads\/2024\/11\/Elikadura-hitzaldia-Larraburuan.jpg 1000w\" alt=\"Elikadura hitzaldia Larraburuan\" width=\"710\" height=\"1004\"><\/p>\n","protected":false},"excerpt":{"rendered":"<p>Ixiar Andueza ofrecer\u00e1 una charla sobre prevenci\u00f3n de enfermedades y\/o alimentaci\u00f3n basada en el tratamiento el d\u00eda 8 de noviembre y el 3 de diciembre ser\u00e1 la comida del d\u00eda del\/la asociad@<\/p>\n","protected":false},"author":9,"featured_media":0,"comment_status":"closed","ping_status":"open","sticky":false,"template":"","format":"standard","meta":{"_et_pb_use_builder":"","_et_pb_old_content":"","_et_gb_content_width":"","footnotes":""},"categories":[235,1],"tags":[],"class_list":["post-19205","post","type-post","status-publish","format-standard","hentry","category-uncategorized-eu","category-sin-categorizar"],"_links":{"self":[{"href":"https:\/\/www.etxalar.eus\/es\/wp-json\/wp\/v2\/posts\/19205","targetHints":{"allow":["GET"]}}],"collection":[{"href":"https:\/\/www.etxalar.eus\/es\/wp-json\/wp\/v2\/posts"}],"about":[{"href":"https:\/\/www.etxalar.eus\/es\/wp-json\/wp\/v2\/types\/post"}],"author":[{"embeddable":true,"href":"https:\/\/www.etxalar.eus\/es\/wp-json\/wp\/v2\/users\/9"}],"replies":[{"embeddable":true,"href":"https:\/\/www.etxalar.eus\/es\/wp-json\/wp\/v2\/comments?post=19205"}],"version-history":[{"count":1,"href":"https:\/\/www.etxalar.eus\/es\/wp-json\/wp\/v2\/posts\/19205\/revisions"}],"predecessor-version":[{"id":19206,"href":"https:\/\/www.etxalar.eus\/es\/wp-json\/wp\/v2\/posts\/19205\/revisions\/19206"}],"wp:attachment":[{"href":"https:\/\/www.etxalar.eus\/es\/wp-json\/wp\/v2\/media?parent=19205"}],"wp:term":[{"taxonomy":"category","embeddable":true,"href":"https:\/\/www.etxalar.eus\/es\/wp-json\/wp\/v2\/categories?post=19205"},{"taxonomy":"post_tag","embeddable":true,"href":"https:\/\/www.etxalar.eus\/es\/wp-json\/wp\/v2\/tags?post=19205"}],"curies":[{"name":"wp","href":"https:\/\/api.w.org\/{rel}","templated":true}]}}