{"id":19085,"date":"2024-10-18T16:46:31","date_gmt":"2024-10-18T16:46:31","guid":{"rendered":"https:\/\/www.etxalar.eus\/?p=19085"},"modified":"2024-10-18T16:46:31","modified_gmt":"2024-10-18T16:46:31","slug":"el-26-de-octubre-martxel-larraza-presentara-su-trabajo-fotoperiodistico-xerka-dentro-de-los-dias-culturales-de-otono","status":"publish","type":"post","link":"https:\/\/www.etxalar.eus\/es\/el-26-de-octubre-martxel-larraza-presentara-su-trabajo-fotoperiodistico-xerka-dentro-de-los-dias-culturales-de-otono\/","title":{"rendered":"El 26 de octubre, Martxel Larraza presentar\u00e1 su trabajo fotoperiodistico \u00abXerka\u00bb, dentro de los d\u00edas culturales de oto\u00f1o"},"content":{"rendered":"<p>[tm_pb_section admin_label=\u00bbsection\u00bb][tm_pb_row admin_label=\u00bbrow\u00bb][tm_pb_column type=\u00bb4_4&#8243;][tm_pb_image admin_label=\u00bbXerka\u00bb src=\u00bbhttps:\/\/www.etxalar.eus\/wp-content\/uploads\/2024\/10\/Xerka-fotokazetaritza-lana.jpg\u00bb alt=\u00bbXerka fotokazetaritza lana\u00bb title_text=\u00bbXerka fotokazetaritza lana\u00bb show_in_lightbox=\u00bboff\u00bb url_new_window=\u00bboff\u00bb use_overlay=\u00bboff\u00bb animation=\u00bboff\u00bb sticky=\u00bboff\u00bb align=\u00bbcenter\u00bb max_width=\u00bb600px\u00bb force_fullwidth=\u00bboff\u00bb always_center_on_mobile=\u00bbon\u00bb use_border_color=\u00bboff\u00bb border_color=\u00bb#ffffff\u00bb border_style=\u00bbsolid\u00bb] [\/tm_pb_image][\/tm_pb_column][\/tm_pb_row][\/tm_pb_section]<\/p>\n","protected":false},"excerpt":{"rendered":"<p>Tambi\u00e9n presentar\u00e1 la exposici\u00f3n que se alargar\u00e1 hasta el 3 de noviembre<\/p>\n","protected":false},"author":9,"featured_media":0,"comment_status":"closed","ping_status":"open","sticky":false,"template":"","format":"standard","meta":{"_et_pb_use_builder":"","_et_pb_old_content":"","_et_gb_content_width":"","footnotes":""},"categories":[1],"tags":[],"class_list":["post-19085","post","type-post","status-publish","format-standard","hentry","category-sin-categorizar"],"_links":{"self":[{"href":"https:\/\/www.etxalar.eus\/es\/wp-json\/wp\/v2\/posts\/19085","targetHints":{"allow":["GET"]}}],"collection":[{"href":"https:\/\/www.etxalar.eus\/es\/wp-json\/wp\/v2\/posts"}],"about":[{"href":"https:\/\/www.etxalar.eus\/es\/wp-json\/wp\/v2\/types\/post"}],"author":[{"embeddable":true,"href":"https:\/\/www.etxalar.eus\/es\/wp-json\/wp\/v2\/users\/9"}],"replies":[{"embeddable":true,"href":"https:\/\/www.etxalar.eus\/es\/wp-json\/wp\/v2\/comments?post=19085"}],"version-history":[{"count":2,"href":"https:\/\/www.etxalar.eus\/es\/wp-json\/wp\/v2\/posts\/19085\/revisions"}],"predecessor-version":[{"id":19087,"href":"https:\/\/www.etxalar.eus\/es\/wp-json\/wp\/v2\/posts\/19085\/revisions\/19087"}],"wp:attachment":[{"href":"https:\/\/www.etxalar.eus\/es\/wp-json\/wp\/v2\/media?parent=19085"}],"wp:term":[{"taxonomy":"category","embeddable":true,"href":"https:\/\/www.etxalar.eus\/es\/wp-json\/wp\/v2\/categories?post=19085"},{"taxonomy":"post_tag","embeddable":true,"href":"https:\/\/www.etxalar.eus\/es\/wp-json\/wp\/v2\/tags?post=19085"}],"curies":[{"name":"wp","href":"https:\/\/api.w.org\/{rel}","templated":true}]}}