{"id":19011,"date":"2024-10-10T17:15:22","date_gmt":"2024-10-10T17:15:22","guid":{"rendered":"https:\/\/www.etxalar.eus\/?p=19011"},"modified":"2024-10-10T17:37:05","modified_gmt":"2024-10-10T17:37:05","slug":"15-de-octubre-dia-internacional-de-las-mujeres-rurales-rurales-y-sin-complejos","status":"publish","type":"post","link":"https:\/\/www.etxalar.eus\/es\/15-de-octubre-dia-internacional-de-las-mujeres-rurales-rurales-y-sin-complejos\/","title":{"rendered":"15 de octubre, d\u00eda internacional de las mujeres rurales: Rurales y sin complejos"},"content":{"rendered":"<p>[tm_pb_section admin_label=\u00bbSection\u00bb fullwidth=\u00bboff\u00bb specialty=\u00bboff\u00bb][tm_pb_row admin_label=\u00bbRow\u00bb][tm_pb_column type=\u00bb4_4&#8243;][tm_pb_text admin_label=\u00bbText\u00bb text_orientation=\u00bbleft\u00bb use_border_color=\u00bboff\u00bb border_color=\u00bb#ffffff\u00bb border_style=\u00bbsolid\u00bb]<\/p>\n<h2 style=\"text-align: center;\"><a href=\"https:\/\/youtube.com\/shorts\/8HIPRiZ2kEg?feature=share\">Ver v\u00eddeo<\/a><\/h2>\n<p>[\/tm_pb_text][\/tm_pb_column][\/tm_pb_row][\/tm_pb_section][tm_pb_section admin_label=\u00bbsection\u00bb][tm_pb_row admin_label=\u00bbrow\u00bb][tm_pb_column type=\u00bb1_2&#8243;][tm_pb_text admin_label=\u00bbText\u00bb text_orientation=\u00bbleft\u00bb use_border_color=\u00bboff\u00bb border_color=\u00bb#ffffff\u00bb border_style=\u00bbsolid\u00bb]<\/p>\n<p>Un a\u00f1o m\u00e1s, las Entidades Locales y Territoriales de Navarra con personal t\u00e9cnico de Igualdad nos sumamos a la celebraci\u00f3n del D\u00eda Internacional de las Mujeres Rurales, bajo el lema \u201cRurales y sin complejos \/ Landa eremukoak konplexurik gabe\u201d para reconocer la contribuci\u00f3n decisiva de las mujeres en el desarrollo rural.<br \/>\nEsta fecha reivindica y conmemora la lucha de las mujeres en el medio rural por alcanzar la igualdad en la sociedad y con ella, se pretende rendir un merecido homenaje a las mujeres rurales reconociendo su papel estrat\u00e9gico en el desarrollo econ\u00f3mico, social y sostenible y en la fijaci\u00f3n de la poblaci\u00f3n en los municipios rurales.<br \/>\nEllas son agricultoras o ganaderas, tambi\u00e9n empresarias, emprendedoras, artistas, deportistas, cuidadoras, pol\u00edticas\u2026 Esta diversidad refleja el papel multifac\u00e9tico y vital que desempe\u00f1an en el desarrollo de sus comunidades. Por ejemplo, la participaci\u00f3n pol\u00edtica de las mujeres representa un 32% de las alcald\u00edas y presidencias de concejos, un 7,5%, m\u00e1s que la media estatal. Adem\u00e1s, las mujeres navarras lideran el emprendimiento rural: dos de cada tres emprendedoras rurales en Navarra son mujeres.<br \/>\nPor \u00faltimo, datos recientes indican que casi el doble de mujeres tiene m\u00e1s titulaciones superiores que los hombres, presentando una tasa de 52,7% con estudios universitarios, mientras que los hombres suponen un 45,3%.<br \/>\nEn este contexto, se est\u00e1 desarrollando el borrador de Ley Foral de Desarrollo Rural que contempla la incorporaci\u00f3n del Estatuto de las Mujeres Rurales, como un aspecto fundamental para reconocer y fortalecer el papel de las mujeres en el medio rural navarro.<br \/>\nEsta normativa supone una oportunidad y una garant\u00eda para promover la igualdad de trato y oportunidades, con incentivos que favorezcan la presencia de mujeres en todos los sectores, potenciar el talento y la capacidad de innovaci\u00f3n de las mujeres rurales, mejorar la capacitaci\u00f3n y la formaci\u00f3n feminista en los territorios. Asimismo, resulta clave para acabar con las violencias simb\u00f3licas, entretejidas en el discurso, en las ideas y las representaciones inadecuadas de las mujeres rurales donde se las asocia con los roles tradicionalmente asignados.<br \/>\nPor todo ello, las Entidades Locales y Territoriales de Navarra conmemoramos un a\u00f1o m\u00e1s este 15 de octubre, con el compromiso firme de trabajar pol\u00edticas p\u00fablicas de igualdad activas, transversales e interseccionales. Es fundamental situar a las mujeres rurales en una posici\u00f3n de igualdad real, considerando la diversidad y las circunstancias espec\u00edficas a la hora de desarrollarse personal y profesionalmente para mejorar sus condiciones de vida.<\/p>\n<p>&nbsp;<\/p>\n<p>[\/tm_pb_text][\/tm_pb_column][tm_pb_column type=\u00bb1_2&#8243;][tm_pb_image admin_label=\u00bbCartel\u00bb src=\u00bbhttps:\/\/www.etxalar.eus\/wp-content\/uploads\/2024\/10\/Dia-de-las-mujeres-rurales.jpg\u00bb alt=\u00bbDia de las mujeres rurales\u00bb title_text=\u00bbDia de las mujeres rurales\u00bb show_in_lightbox=\u00bboff\u00bb url_new_window=\u00bboff\u00bb use_overlay=\u00bboff\u00bb animation=\u00bboff\u00bb sticky=\u00bboff\u00bb align=\u00bbcenter\u00bb force_fullwidth=\u00bboff\u00bb always_center_on_mobile=\u00bbon\u00bb use_border_color=\u00bboff\u00bb border_color=\u00bb#ffffff\u00bb border_style=\u00bbsolid\u00bb] [\/tm_pb_image][\/tm_pb_column][\/tm_pb_row][\/tm_pb_section]<\/p>\n","protected":false},"excerpt":{"rendered":"<p>El Ayuntamiento de Etxalar ha aprobado la declaraci\u00f3n del d\u00eda internacional de las mujeres rurales<\/p>\n","protected":false},"author":9,"featured_media":0,"comment_status":"closed","ping_status":"open","sticky":false,"template":"","format":"standard","meta":{"_et_pb_use_builder":"","_et_pb_old_content":"","_et_gb_content_width":"","footnotes":""},"categories":[259],"tags":[],"class_list":["post-19011","post","type-post","status-publish","format-standard","hentry","category-celebraciones"],"_links":{"self":[{"href":"https:\/\/www.etxalar.eus\/es\/wp-json\/wp\/v2\/posts\/19011","targetHints":{"allow":["GET"]}}],"collection":[{"href":"https:\/\/www.etxalar.eus\/es\/wp-json\/wp\/v2\/posts"}],"about":[{"href":"https:\/\/www.etxalar.eus\/es\/wp-json\/wp\/v2\/types\/post"}],"author":[{"embeddable":true,"href":"https:\/\/www.etxalar.eus\/es\/wp-json\/wp\/v2\/users\/9"}],"replies":[{"embeddable":true,"href":"https:\/\/www.etxalar.eus\/es\/wp-json\/wp\/v2\/comments?post=19011"}],"version-history":[{"count":4,"href":"https:\/\/www.etxalar.eus\/es\/wp-json\/wp\/v2\/posts\/19011\/revisions"}],"predecessor-version":[{"id":19023,"href":"https:\/\/www.etxalar.eus\/es\/wp-json\/wp\/v2\/posts\/19011\/revisions\/19023"}],"wp:attachment":[{"href":"https:\/\/www.etxalar.eus\/es\/wp-json\/wp\/v2\/media?parent=19011"}],"wp:term":[{"taxonomy":"category","embeddable":true,"href":"https:\/\/www.etxalar.eus\/es\/wp-json\/wp\/v2\/categories?post=19011"},{"taxonomy":"post_tag","embeddable":true,"href":"https:\/\/www.etxalar.eus\/es\/wp-json\/wp\/v2\/tags?post=19011"}],"curies":[{"name":"wp","href":"https:\/\/api.w.org\/{rel}","templated":true}]}}