{"id":18880,"date":"2024-09-20T15:07:41","date_gmt":"2024-09-20T15:07:41","guid":{"rendered":"https:\/\/www.etxalar.eus\/?p=18880"},"modified":"2024-09-20T15:07:41","modified_gmt":"2024-09-20T15:07:41","slug":"otro-ano-mas-este-domingo-se-celebrara-la-fiesta-de-la-tradicion-de-palomeras-en-el-alto-de-lizaieta","status":"publish","type":"post","link":"https:\/\/www.etxalar.eus\/es\/otro-ano-mas-este-domingo-se-celebrara-la-fiesta-de-la-tradicion-de-palomeras-en-el-alto-de-lizaieta\/","title":{"rendered":"Otro a\u00f1o m\u00e1s, este domingo se celebrar\u00e1 la fiesta de la tradici\u00f3n de palomeras en el alto de Lizaieta"},"content":{"rendered":"<p>[tm_pb_section admin_label=\u00bbsection\u00bb][tm_pb_row admin_label=\u00bbrow\u00bb][tm_pb_column type=\u00bb4_4&#8243;][tm_pb_image admin_label=\u00bbKartela\u00bb src=\u00bbhttps:\/\/www.etxalar.eus\/wp-content\/uploads\/2024\/09\/Usategitako-tradizioaren-besta-2024-web.jpg\u00bb alt=\u00bbUsategietako tradizioaren besta 2024&#8243; title_text=\u00bbUsategietako tradizioaren besta 2024&#8243; show_in_lightbox=\u00bboff\u00bb url_new_window=\u00bboff\u00bb use_overlay=\u00bboff\u00bb animation=\u00bboff\u00bb sticky=\u00bboff\u00bb align=\u00bbcenter\u00bb max_width=\u00bb600px\u00bb force_fullwidth=\u00bboff\u00bb always_center_on_mobile=\u00bbon\u00bb use_border_color=\u00bboff\u00bb border_color=\u00bb#ffffff\u00bb border_style=\u00bbsolid\u00bb] [\/tm_pb_image][\/tm_pb_column][\/tm_pb_row][\/tm_pb_section]<\/p>\n","protected":false},"excerpt":{"rendered":"<p>Desde primera hora de la ma\u00f1ana habr\u00e1 partidos de pelota \u00abBotaluze\u00bb, concurso de lanzamiento de paletas, firma de los dos pueblos, bertsolaris, comida popular, bailables y alguna que otra sorpresa<\/p>\n","protected":false},"author":9,"featured_media":0,"comment_status":"closed","ping_status":"open","sticky":false,"template":"","format":"standard","meta":{"_et_pb_use_builder":"","_et_pb_old_content":"","_et_gb_content_width":"","footnotes":""},"categories":[259,283],"tags":[],"class_list":["post-18880","post","type-post","status-publish","format-standard","hentry","category-celebraciones","category-palomeras"],"_links":{"self":[{"href":"https:\/\/www.etxalar.eus\/es\/wp-json\/wp\/v2\/posts\/18880","targetHints":{"allow":["GET"]}}],"collection":[{"href":"https:\/\/www.etxalar.eus\/es\/wp-json\/wp\/v2\/posts"}],"about":[{"href":"https:\/\/www.etxalar.eus\/es\/wp-json\/wp\/v2\/types\/post"}],"author":[{"embeddable":true,"href":"https:\/\/www.etxalar.eus\/es\/wp-json\/wp\/v2\/users\/9"}],"replies":[{"embeddable":true,"href":"https:\/\/www.etxalar.eus\/es\/wp-json\/wp\/v2\/comments?post=18880"}],"version-history":[{"count":2,"href":"https:\/\/www.etxalar.eus\/es\/wp-json\/wp\/v2\/posts\/18880\/revisions"}],"predecessor-version":[{"id":18882,"href":"https:\/\/www.etxalar.eus\/es\/wp-json\/wp\/v2\/posts\/18880\/revisions\/18882"}],"wp:attachment":[{"href":"https:\/\/www.etxalar.eus\/es\/wp-json\/wp\/v2\/media?parent=18880"}],"wp:term":[{"taxonomy":"category","embeddable":true,"href":"https:\/\/www.etxalar.eus\/es\/wp-json\/wp\/v2\/categories?post=18880"},{"taxonomy":"post_tag","embeddable":true,"href":"https:\/\/www.etxalar.eus\/es\/wp-json\/wp\/v2\/tags?post=18880"}],"curies":[{"name":"wp","href":"https:\/\/api.w.org\/{rel}","templated":true}]}}