{"id":18836,"date":"2024-09-17T16:42:03","date_gmt":"2024-09-17T16:42:03","guid":{"rendered":"https:\/\/www.etxalar.eus\/?p=18836"},"modified":"2024-09-17T17:07:54","modified_gmt":"2024-09-17T17:07:54","slug":"jabier-iriarte-impartira-4-cursos-de-competencias-digitales-en-octubre","status":"publish","type":"post","link":"https:\/\/www.etxalar.eus\/es\/jabier-iriarte-impartira-4-cursos-de-competencias-digitales-en-octubre\/","title":{"rendered":"Jabier Iriarte impartir\u00e1 4 cursos de competencias digitales en octubre"},"content":{"rendered":"<p>[tm_pb_section admin_label=\u00bbsection\u00bb][tm_pb_row admin_label=\u00bbrow\u00bb][tm_pb_column type=\u00bb1_4&#8243;][tm_pb_image admin_label=\u00bbAdministraci\u00f3n electr\u00f3nica\u00bb src=\u00bbhttps:\/\/www.etxalar.eus\/wp-content\/uploads\/2024\/09\/Administracion-Electronica-web.jpg\u00bb alt=\u00bbAdministraci\u00f3n Electr\u00f3nica\u00bb title_text=\u00bbAdministraci\u00f3n Electr\u00f3nica\u00bb show_in_lightbox=\u00bboff\u00bb url_new_window=\u00bboff\u00bb use_overlay=\u00bboff\u00bb animation=\u00bboff\u00bb sticky=\u00bboff\u00bb align=\u00bbcenter\u00bb force_fullwidth=\u00bboff\u00bb always_center_on_mobile=\u00bbon\u00bb use_border_color=\u00bboff\u00bb border_color=\u00bb#ffffff\u00bb border_style=\u00bbsolid\u00bb url=\u00bbhttps:\/\/www.etxalar.eus\/wp-content\/uploads\/2024\/09\/Administracion-Electronica-web.jpg\u00bb] [\/tm_pb_image][\/tm_pb_column][tm_pb_column type=\u00bb1_4&#8243;][tm_pb_image admin_label=\u00bb@CERCA Mayores\u00bb src=\u00bbhttps:\/\/www.etxalar.eus\/wp-content\/uploads\/2024\/09\/@CERCA-Adinekoak-web.jpg\u00bb alt=\u00bb@CERCA Mayores\u00bb title_text=\u00bb@CERCA Mayores\u00bb show_in_lightbox=\u00bboff\u00bb url_new_window=\u00bboff\u00bb use_overlay=\u00bboff\u00bb animation=\u00bboff\u00bb sticky=\u00bboff\u00bb align=\u00bbcenter\u00bb force_fullwidth=\u00bboff\u00bb always_center_on_mobile=\u00bbon\u00bb use_border_color=\u00bboff\u00bb border_color=\u00bb#ffffff\u00bb border_style=\u00bbsolid\u00bb url=\u00bbhttps:\/\/www.etxalar.eus\/wp-content\/uploads\/2024\/09\/@CERCA-Adinekoak-web.jpg\u00bb] [\/tm_pb_image][\/tm_pb_column][tm_pb_column type=\u00bb1_4&#8243;][tm_pb_image admin_label=\u00bbUso m\u00f3viles\u00bb src=\u00bbhttps:\/\/www.etxalar.eus\/wp-content\/uploads\/2024\/09\/Uso-Moviles-web.jpg\u00bb alt=\u00bbUso M\u00f3viles\u00bb title_text=\u00bbUso M\u00f3viles\u00bb show_in_lightbox=\u00bboff\u00bb url_new_window=\u00bboff\u00bb use_overlay=\u00bboff\u00bb animation=\u00bboff\u00bb sticky=\u00bboff\u00bb align=\u00bbcenter\u00bb force_fullwidth=\u00bboff\u00bb always_center_on_mobile=\u00bbon\u00bb use_border_color=\u00bboff\u00bb border_color=\u00bb#ffffff\u00bb border_style=\u00bbsolid\u00bb url=\u00bbhttps:\/\/www.etxalar.eus\/wp-content\/uploads\/2024\/09\/Uso-Moviles-web.jpg\u00bb] [\/tm_pb_image][\/tm_pb_column][tm_pb_column type=\u00bb1_4&#8243;][tm_pb_image admin_label=\u00bbCompetencias digitales\u00bb src=\u00bbhttps:\/\/www.etxalar.eus\/wp-content\/uploads\/2024\/09\/Competencias-Digitales-Basicas-web.jpg\u00bb alt=\u00bbCompetencias Digitales\u00bb title_text=\u00bbCompetencias Digitales\u00bb show_in_lightbox=\u00bboff\u00bb url_new_window=\u00bboff\u00bb use_overlay=\u00bboff\u00bb animation=\u00bboff\u00bb sticky=\u00bboff\u00bb align=\u00bbcenter\u00bb force_fullwidth=\u00bboff\u00bb always_center_on_mobile=\u00bbon\u00bb use_border_color=\u00bboff\u00bb border_color=\u00bb#ffffff\u00bb border_style=\u00bbsolid\u00bb url=\u00bbhttps:\/\/www.etxalar.eus\/wp-content\/uploads\/2024\/09\/Competencias-Digitales-Basicas-web.jpg\u00bb] [\/tm_pb_image][\/tm_pb_column][\/tm_pb_row][\/tm_pb_section]<\/p>\n","protected":false},"excerpt":{"rendered":"<p>Los cursos son de administraci\u00f3n electr\u00f3nica, uso de m\u00f3viles, competencias digitales para buscadores de empleo y digitalizaci\u00f3n para mayores<\/p>\n","protected":false},"author":9,"featured_media":0,"comment_status":"closed","ping_status":"open","sticky":false,"template":"","format":"standard","meta":{"_et_pb_use_builder":"","_et_pb_old_content":"","_et_gb_content_width":"","footnotes":""},"categories":[235,1],"tags":[],"class_list":["post-18836","post","type-post","status-publish","format-standard","hentry","category-uncategorized-eu","category-sin-categorizar"],"_links":{"self":[{"href":"https:\/\/www.etxalar.eus\/es\/wp-json\/wp\/v2\/posts\/18836","targetHints":{"allow":["GET"]}}],"collection":[{"href":"https:\/\/www.etxalar.eus\/es\/wp-json\/wp\/v2\/posts"}],"about":[{"href":"https:\/\/www.etxalar.eus\/es\/wp-json\/wp\/v2\/types\/post"}],"author":[{"embeddable":true,"href":"https:\/\/www.etxalar.eus\/es\/wp-json\/wp\/v2\/users\/9"}],"replies":[{"embeddable":true,"href":"https:\/\/www.etxalar.eus\/es\/wp-json\/wp\/v2\/comments?post=18836"}],"version-history":[{"count":3,"href":"https:\/\/www.etxalar.eus\/es\/wp-json\/wp\/v2\/posts\/18836\/revisions"}],"predecessor-version":[{"id":18851,"href":"https:\/\/www.etxalar.eus\/es\/wp-json\/wp\/v2\/posts\/18836\/revisions\/18851"}],"wp:attachment":[{"href":"https:\/\/www.etxalar.eus\/es\/wp-json\/wp\/v2\/media?parent=18836"}],"wp:term":[{"taxonomy":"category","embeddable":true,"href":"https:\/\/www.etxalar.eus\/es\/wp-json\/wp\/v2\/categories?post=18836"},{"taxonomy":"post_tag","embeddable":true,"href":"https:\/\/www.etxalar.eus\/es\/wp-json\/wp\/v2\/tags?post=18836"}],"curies":[{"name":"wp","href":"https:\/\/api.w.org\/{rel}","templated":true}]}}