{"id":18800,"date":"2024-09-12T15:43:36","date_gmt":"2024-09-12T15:43:36","guid":{"rendered":"https:\/\/www.etxalar.eus\/?p=18800"},"modified":"2024-09-12T15:43:36","modified_gmt":"2024-09-12T15:43:36","slug":"a-finales-de-julio-el-geologo-y-catedratico-xabier-orue-y-un-tecnico-de-aranzadi-visitaron-varias-caleras-del-pueblo","status":"publish","type":"post","link":"https:\/\/www.etxalar.eus\/es\/a-finales-de-julio-el-geologo-y-catedratico-xabier-orue-y-un-tecnico-de-aranzadi-visitaron-varias-caleras-del-pueblo\/","title":{"rendered":"A finales de Julio, el ge\u00f3logo y catedr\u00e1tico Xabier Orue y un t\u00e9cnico de Aranzadi visitaron varias caleras del pueblo"},"content":{"rendered":"<p>[tm_pb_section admin_label=\u00bbsection\u00bb][tm_pb_row admin_label=\u00bbrow\u00bb][tm_pb_column type=\u00bb2_3&#8243;][tm_pb_text admin_label=\u00bbText\u00bb text_orientation=\u00bbleft\u00bb use_border_color=\u00bboff\u00bb border_color=\u00bb#ffffff\u00bb border_style=\u00bbsolid\u00bb]<\/p>\n<p>&nbsp;<\/p>\n<p>&nbsp;<\/p>\n<p>El 25 de Julio, el ge\u00f3logo y catedr\u00e1tico Xabier Orue junto con un t\u00e9cnico de Aranzadi, estuvieron visitando las caleras del pueblo, guiados por Periko Berrueta.<\/p>\n<p>El objetivo de su estudio es saber si estas caleras se utilizaban para fundir minerales para conseguir hierro, antes de ser utilizados para hacer cal y seg\u00fan las muestras que cogieron, parece ser que est\u00e1n en lo cierto, ya que encontraron restos de minerales.&nbsp;<\/p>\n<p>El motivo de la visita a Etxalar es por la gran cantidad de caleras que hay, en comparaci\u00f3n con otras localidades, ya que hay alrededor de 80 caleras en el pueblo. Seg\u00fan creen, esto significa que es un lugar de mucho mineral de la \u00e9poca del Palozoico y \u00e9ste fue aprovechado para conseguir hierro entre los a\u00f1os 1.330 y 1.700 en las caleras (Antes de que las \u00e9stas fuesen utilizadas para hacer cal).<\/p>\n<p>Durante dos d\u00edas, examinaron varias caleras y regalaron al pueblo su libro \u00abHistoria del hierro en Bizkaia y su entorno\u00bb, escrito por Xabier Orue, Estibaliz Apellaniz y Pedro Pablo Gil. El libro est\u00e1 en la biblioteca de la Casa de Cultura para cualquier persona que est\u00e9 interesada y el Ayuntamiento le da las gracias por el libro y por trabajar sacando a la luz las riquezas del pueblo.&nbsp;<\/p>\n<p>&nbsp;<\/p>\n<p>&nbsp;<\/p>\n<p>&nbsp;<\/p>\n<p>[\/tm_pb_text][\/tm_pb_column][tm_pb_column type=\u00bb1_3&#8243;][tm_pb_image admin_label=\u00bbLiburuaren argazkia\u00bb src=\u00bbhttps:\/\/www.etxalar.eus\/wp-content\/uploads\/2024\/09\/Kisulabeak-rotated.jpg\u00bb alt=\u00bbHistoria del Hierro\u00bb title_text=\u00bbHistoria del Hierro\u00bb show_in_lightbox=\u00bboff\u00bb url_new_window=\u00bboff\u00bb use_overlay=\u00bboff\u00bb animation=\u00bboff\u00bb sticky=\u00bboff\u00bb align=\u00bbcenter\u00bb force_fullwidth=\u00bboff\u00bb always_center_on_mobile=\u00bbon\u00bb use_border_color=\u00bboff\u00bb border_color=\u00bb#ffffff\u00bb border_style=\u00bbsolid\u00bb] [\/tm_pb_image][\/tm_pb_column][\/tm_pb_row][\/tm_pb_section]<\/p>\n","protected":false},"excerpt":{"rendered":"<p>El objetivo de su estudio es conocer si las caleras se utilizaban para conseguir hierro, antes de ser utilizadas para hacer cal<\/p>\n","protected":false},"author":9,"featured_media":0,"comment_status":"closed","ping_status":"open","sticky":false,"template":"","format":"standard","meta":{"_et_pb_use_builder":"","_et_pb_old_content":"","_et_gb_content_width":"","footnotes":""},"categories":[235,1],"tags":[],"class_list":["post-18800","post","type-post","status-publish","format-standard","hentry","category-uncategorized-eu","category-sin-categorizar"],"_links":{"self":[{"href":"https:\/\/www.etxalar.eus\/es\/wp-json\/wp\/v2\/posts\/18800","targetHints":{"allow":["GET"]}}],"collection":[{"href":"https:\/\/www.etxalar.eus\/es\/wp-json\/wp\/v2\/posts"}],"about":[{"href":"https:\/\/www.etxalar.eus\/es\/wp-json\/wp\/v2\/types\/post"}],"author":[{"embeddable":true,"href":"https:\/\/www.etxalar.eus\/es\/wp-json\/wp\/v2\/users\/9"}],"replies":[{"embeddable":true,"href":"https:\/\/www.etxalar.eus\/es\/wp-json\/wp\/v2\/comments?post=18800"}],"version-history":[{"count":2,"href":"https:\/\/www.etxalar.eus\/es\/wp-json\/wp\/v2\/posts\/18800\/revisions"}],"predecessor-version":[{"id":18802,"href":"https:\/\/www.etxalar.eus\/es\/wp-json\/wp\/v2\/posts\/18800\/revisions\/18802"}],"wp:attachment":[{"href":"https:\/\/www.etxalar.eus\/es\/wp-json\/wp\/v2\/media?parent=18800"}],"wp:term":[{"taxonomy":"category","embeddable":true,"href":"https:\/\/www.etxalar.eus\/es\/wp-json\/wp\/v2\/categories?post=18800"},{"taxonomy":"post_tag","embeddable":true,"href":"https:\/\/www.etxalar.eus\/es\/wp-json\/wp\/v2\/tags?post=18800"}],"curies":[{"name":"wp","href":"https:\/\/api.w.org\/{rel}","templated":true}]}}