{"id":18570,"date":"2024-08-14T11:06:21","date_gmt":"2024-08-14T11:06:21","guid":{"rendered":"https:\/\/www.etxalar.eus\/?p=18570"},"modified":"2024-08-14T11:07:07","modified_gmt":"2024-08-14T11:07:07","slug":"este-ano-no-se-prohibiran-los-petardos-pequenos-pero-el-ayuntamiento-pide-responsabilidad-y-respeto","status":"publish","type":"post","link":"https:\/\/www.etxalar.eus\/es\/este-ano-no-se-prohibiran-los-petardos-pequenos-pero-el-ayuntamiento-pide-responsabilidad-y-respeto\/","title":{"rendered":"Este a\u00f1o no se prohibir\u00e1n los petardos peque\u00f1os, pero el Ayuntamiento pide responsabilidad y respeto"},"content":{"rendered":"<p>[tm_pb_section admin_label=\u00bbsection\u00bb][tm_pb_row admin_label=\u00bbrow\u00bb][tm_pb_column type=\u00bb4_4&#8243;][tm_pb_image admin_label=\u00bbPetardoak\u00bb src=\u00bbhttps:\/\/www.etxalar.eus\/wp-content\/uploads\/2024\/08\/Petardoak-bandoa.jpg\u00bb alt=\u00bbPetardoak bandoa\u00bb title_text=\u00bbPetardoak bandoa\u00bb show_in_lightbox=\u00bboff\u00bb url_new_window=\u00bboff\u00bb use_overlay=\u00bboff\u00bb animation=\u00bboff\u00bb sticky=\u00bboff\u00bb align=\u00bbcenter\u00bb max_width=\u00bb800px\u00bb force_fullwidth=\u00bboff\u00bb always_center_on_mobile=\u00bbon\u00bb use_border_color=\u00bboff\u00bb border_color=\u00bb#ffffff\u00bb border_style=\u00bbsolid\u00bb] [\/tm_pb_image][\/tm_pb_column][\/tm_pb_row][\/tm_pb_section]<\/p>\n","protected":false},"excerpt":{"rendered":"<p>Si estos provocan alg\u00fan da\u00f1o, la reparaci\u00f3n ser\u00e1 responsabilidad del autor\/a y el a\u00f1o que viene se prohibir\u00e1n todos los petardos<\/p>\n","protected":false},"author":9,"featured_media":0,"comment_status":"closed","ping_status":"open","sticky":false,"template":"","format":"standard","meta":{"_et_pb_use_builder":"","_et_pb_old_content":"","_et_gb_content_width":"","footnotes":""},"categories":[253],"tags":[],"class_list":["post-18570","post","type-post","status-publish","format-standard","hentry","category-ayuntamiento"],"_links":{"self":[{"href":"https:\/\/www.etxalar.eus\/es\/wp-json\/wp\/v2\/posts\/18570","targetHints":{"allow":["GET"]}}],"collection":[{"href":"https:\/\/www.etxalar.eus\/es\/wp-json\/wp\/v2\/posts"}],"about":[{"href":"https:\/\/www.etxalar.eus\/es\/wp-json\/wp\/v2\/types\/post"}],"author":[{"embeddable":true,"href":"https:\/\/www.etxalar.eus\/es\/wp-json\/wp\/v2\/users\/9"}],"replies":[{"embeddable":true,"href":"https:\/\/www.etxalar.eus\/es\/wp-json\/wp\/v2\/comments?post=18570"}],"version-history":[{"count":2,"href":"https:\/\/www.etxalar.eus\/es\/wp-json\/wp\/v2\/posts\/18570\/revisions"}],"predecessor-version":[{"id":18572,"href":"https:\/\/www.etxalar.eus\/es\/wp-json\/wp\/v2\/posts\/18570\/revisions\/18572"}],"wp:attachment":[{"href":"https:\/\/www.etxalar.eus\/es\/wp-json\/wp\/v2\/media?parent=18570"}],"wp:term":[{"taxonomy":"category","embeddable":true,"href":"https:\/\/www.etxalar.eus\/es\/wp-json\/wp\/v2\/categories?post=18570"},{"taxonomy":"post_tag","embeddable":true,"href":"https:\/\/www.etxalar.eus\/es\/wp-json\/wp\/v2\/tags?post=18570"}],"curies":[{"name":"wp","href":"https:\/\/api.w.org\/{rel}","templated":true}]}}