{"id":18152,"date":"2024-06-05T16:35:39","date_gmt":"2024-06-05T16:35:39","guid":{"rendered":"https:\/\/www.etxalar.eus\/?p=18152"},"modified":"2024-06-05T16:37:54","modified_gmt":"2024-06-05T16:37:54","slug":"el-grupo-bor-bor-ha-organizado-reuniones-para-organizar-la-fiesta-de-los-euskaltzales-de-bortziriak","status":"publish","type":"post","link":"https:\/\/www.etxalar.eus\/es\/el-grupo-bor-bor-ha-organizado-reuniones-para-organizar-la-fiesta-de-los-euskaltzales-de-bortziriak\/","title":{"rendered":"El grupo Bor-Bor ha organizado reuniones para organizar la fiesta de los euskaltzales de Bortziriak"},"content":{"rendered":"<p>[tm_pb_section admin_label=\u00bbsection\u00bb][tm_pb_row admin_label=\u00bbrow\u00bb][tm_pb_column type=\u00bb4_4&#8243;][tm_pb_image admin_label=\u00bbBor Bor kartela\u00bb src=\u00bbhttps:\/\/www.etxalar.eus\/wp-content\/uploads\/2024\/06\/Bor-Bor-bilerak.jpeg\u00bb alt=\u00bbBor Bor bilerak\u00bb title_text=\u00bbBor Bor bilerak\u00bb show_in_lightbox=\u00bboff\u00bb url_new_window=\u00bboff\u00bb use_overlay=\u00bboff\u00bb animation=\u00bboff\u00bb sticky=\u00bboff\u00bb align=\u00bbcenter\u00bb max_width=\u00bb600px\u00bb force_fullwidth=\u00bboff\u00bb always_center_on_mobile=\u00bbon\u00bb use_border_color=\u00bboff\u00bb border_color=\u00bb#ffffff\u00bb border_style=\u00bbsolid\u00bb] [\/tm_pb_image][\/tm_pb_column][\/tm_pb_row][\/tm_pb_section]<\/p>\n","protected":false},"excerpt":{"rendered":"<p>En Etxalar, la reuni\u00f3n se celebrar\u00e1 el pr\u00f3ximo 10 de junio, a las 19:00 en la Casa de Cultura<\/p>\n","protected":false},"author":9,"featured_media":0,"comment_status":"closed","ping_status":"open","sticky":false,"template":"","format":"standard","meta":{"_et_pb_use_builder":"","_et_pb_old_content":"","_et_gb_content_width":"","footnotes":""},"categories":[278,285],"tags":[],"class_list":["post-18152","post","type-post","status-publish","format-standard","hentry","category-euskara","category-eventos"],"_links":{"self":[{"href":"https:\/\/www.etxalar.eus\/es\/wp-json\/wp\/v2\/posts\/18152","targetHints":{"allow":["GET"]}}],"collection":[{"href":"https:\/\/www.etxalar.eus\/es\/wp-json\/wp\/v2\/posts"}],"about":[{"href":"https:\/\/www.etxalar.eus\/es\/wp-json\/wp\/v2\/types\/post"}],"author":[{"embeddable":true,"href":"https:\/\/www.etxalar.eus\/es\/wp-json\/wp\/v2\/users\/9"}],"replies":[{"embeddable":true,"href":"https:\/\/www.etxalar.eus\/es\/wp-json\/wp\/v2\/comments?post=18152"}],"version-history":[{"count":3,"href":"https:\/\/www.etxalar.eus\/es\/wp-json\/wp\/v2\/posts\/18152\/revisions"}],"predecessor-version":[{"id":18155,"href":"https:\/\/www.etxalar.eus\/es\/wp-json\/wp\/v2\/posts\/18152\/revisions\/18155"}],"wp:attachment":[{"href":"https:\/\/www.etxalar.eus\/es\/wp-json\/wp\/v2\/media?parent=18152"}],"wp:term":[{"taxonomy":"category","embeddable":true,"href":"https:\/\/www.etxalar.eus\/es\/wp-json\/wp\/v2\/categories?post=18152"},{"taxonomy":"post_tag","embeddable":true,"href":"https:\/\/www.etxalar.eus\/es\/wp-json\/wp\/v2\/tags?post=18152"}],"curies":[{"name":"wp","href":"https:\/\/api.w.org\/{rel}","templated":true}]}}