{"id":17986,"date":"2024-05-17T15:22:21","date_gmt":"2024-05-17T15:22:21","guid":{"rendered":"https:\/\/www.etxalar.eus\/?p=17986"},"modified":"2024-05-17T15:23:48","modified_gmt":"2024-05-17T15:23:48","slug":"la-parroquia-ha-puesto-un-horario-de-visitas-a-la-iglesia","status":"publish","type":"post","link":"https:\/\/www.etxalar.eus\/es\/la-parroquia-ha-puesto-un-horario-de-visitas-a-la-iglesia\/","title":{"rendered":"La Parroquia ha puesto un horario de visitas a la Iglesia"},"content":{"rendered":"<p>[tm_pb_section admin_label=\u00bbsection\u00bb][tm_pb_row admin_label=\u00bbrow\u00bb][tm_pb_column type=\u00bb1_2&#8243;][tm_pb_text admin_label=\u00bbText\u00bb text_orientation=\u00bbleft\u00bb use_border_color=\u00bboff\u00bb border_color=\u00bb#ffffff\u00bb border_style=\u00bbsolid\u00bb]<\/p>\n<p>&nbsp;<\/p>\n<p>&nbsp;<\/p>\n<p>Una de las mayores peticiones de los turistas que visitan nuestro pueblo, suele ser el poder ver la Iglesia por dentro y a partir de este fin de semana, esto va a ser posible, gracias a los voluntarios de la Parroquia.<\/p>\n<p>Tal y como se puede ver en el cartel que han puesto en el portillo de entrada, la Iglesia tendr\u00e1 un horario de apertura, los s\u00e1bados de 11:00 a 13:00 y los domingos de 10:00 a 12:00 y durante este tiempo, los voluntarios estar\u00e1n all\u00ed para ayudar a los visitantes.&nbsp;&nbsp;<\/p>\n<p>De cara a verano, tambi\u00e9n est\u00e1n pensando en la opci\u00f3n de realizar visitas guiadas, pero todav\u00eda s\u00f3lo es un proyecto sin definir.<\/p>\n<p>&nbsp;<\/p>\n<p>[\/tm_pb_text][\/tm_pb_column][tm_pb_column type=\u00bb1_2&#8243;][tm_pb_image admin_label=\u00bbAldarea\u00bb src=\u00bbhttps:\/\/www.etxalar.eus\/wp-content\/uploads\/2018\/03\/Elizako-aldarea.jpg\u00bb alt=\u00bbElizako aldarea\u00bb title_text=\u00bbElizako aldarea\u00bb show_in_lightbox=\u00bboff\u00bb url_new_window=\u00bboff\u00bb use_overlay=\u00bboff\u00bb animation=\u00bboff\u00bb sticky=\u00bboff\u00bb align=\u00bbcenter\u00bb force_fullwidth=\u00bboff\u00bb always_center_on_mobile=\u00bbon\u00bb use_border_color=\u00bboff\u00bb border_color=\u00bb#ffffff\u00bb border_style=\u00bbsolid\u00bb] [\/tm_pb_image][\/tm_pb_column][\/tm_pb_row][\/tm_pb_section]<\/p>\n","protected":false},"excerpt":{"rendered":"<p>Varios voluntarios ser\u00e1n los encargados de ayudar a los visitantes durante los fines de semana<\/p>\n","protected":false},"author":9,"featured_media":0,"comment_status":"closed","ping_status":"open","sticky":false,"template":"","format":"standard","meta":{"_et_pb_use_builder":"","_et_pb_old_content":"","_et_gb_content_width":"","footnotes":""},"categories":[287,258],"tags":[],"class_list":["post-17986","post","type-post","status-publish","format-standard","hentry","category-iglesia","category-turismo"],"_links":{"self":[{"href":"https:\/\/www.etxalar.eus\/es\/wp-json\/wp\/v2\/posts\/17986","targetHints":{"allow":["GET"]}}],"collection":[{"href":"https:\/\/www.etxalar.eus\/es\/wp-json\/wp\/v2\/posts"}],"about":[{"href":"https:\/\/www.etxalar.eus\/es\/wp-json\/wp\/v2\/types\/post"}],"author":[{"embeddable":true,"href":"https:\/\/www.etxalar.eus\/es\/wp-json\/wp\/v2\/users\/9"}],"replies":[{"embeddable":true,"href":"https:\/\/www.etxalar.eus\/es\/wp-json\/wp\/v2\/comments?post=17986"}],"version-history":[{"count":4,"href":"https:\/\/www.etxalar.eus\/es\/wp-json\/wp\/v2\/posts\/17986\/revisions"}],"predecessor-version":[{"id":17990,"href":"https:\/\/www.etxalar.eus\/es\/wp-json\/wp\/v2\/posts\/17986\/revisions\/17990"}],"wp:attachment":[{"href":"https:\/\/www.etxalar.eus\/es\/wp-json\/wp\/v2\/media?parent=17986"}],"wp:term":[{"taxonomy":"category","embeddable":true,"href":"https:\/\/www.etxalar.eus\/es\/wp-json\/wp\/v2\/categories?post=17986"},{"taxonomy":"post_tag","embeddable":true,"href":"https:\/\/www.etxalar.eus\/es\/wp-json\/wp\/v2\/tags?post=17986"}],"curies":[{"name":"wp","href":"https:\/\/api.w.org\/{rel}","templated":true}]}}