{"id":17892,"date":"2024-05-09T17:25:03","date_gmt":"2024-05-09T17:25:03","guid":{"rendered":"https:\/\/www.etxalar.eus\/?p=17892"},"modified":"2024-05-09T17:25:03","modified_gmt":"2024-05-09T17:25:03","slug":"formacion-dirigida-a-representantes-municipales-para-la-integracion-de-la-perspectiva-de-genero-en-la-actividad-municipal","status":"publish","type":"post","link":"https:\/\/www.etxalar.eus\/es\/formacion-dirigida-a-representantes-municipales-para-la-integracion-de-la-perspectiva-de-genero-en-la-actividad-municipal\/","title":{"rendered":"Formaci\u00f3n dirigida a representantes municipales para la integraci\u00f3n de la perspectiva de g\u00e9nero en la actividad municipal"},"content":{"rendered":"<p>[tm_pb_section admin_label=\u00bbsection\u00bb][tm_pb_row admin_label=\u00bbrow\u00bb][tm_pb_column type=\u00bb1_2&#8243;][tm_pb_text admin_label=\u00bbtexto\u00bb text_orientation=\u00bbleft\u00bb use_border_color=\u00bboff\u00bb border_color=\u00bb#ffffff\u00bb border_style=\u00bbsolid\u00bb]<\/p>\n<p>&nbsp;<\/p>\n<p>En 2023 se aprob\u00f3 el III Plan para la Igualdad de mujeres y hombres de Bortziriak (2023-2027). En ella se integra <strong>la necesidad de incorporar la perspectiva de g\u00e9nero en la actividad municipal <\/strong>de los cinco ayuntamientos. Para poder desarrollar este eje en los Ayuntamientos, es imprescindible que <strong>la representaci\u00f3n municipal de los Ayuntamientos adquiera conocimientos sobre las pol\u00edticas de g\u00e9nero<\/strong>, para poder trabajar toda la actividad municipal desde la perspectiva de g\u00e9nero.<\/p>\n<p>\u00ab1.1.3. Recibir una formaci\u00f3n b\u00e1sica en Pol\u00edticas de Igualdad para toda la representantaci\u00f3n pol\u00edtica de los cinco ayuntamientos. Las formaciones se organizar\u00e1n anualmente y cada a\u00f1o en un pueblo diferente \u00bb<\/p>\n<p>Para llevar a cabo esta acci\u00f3n en 2023 se organiz\u00f3 una sesi\u00f3n de formaci\u00f3n b\u00e1sica sobre pol\u00edticas de igualdad para representantes municipales de Bortziriak, en Etxalar.<\/p>\n<p>Este a\u00f1o le damos continuidad en Igantzi:<\/p>\n<p>Formaci\u00f3n b\u00e1sica, 14 de mayo.<\/p>\n<p>Formaci\u00f3n para profundizar, 30 de mayo.<\/p>\n<p>Formadora: Idoia Lekue Pe\u00f1a.<\/p>\n<p>Los objetivos de la formaci\u00f3n, entre otros son: sensibilizar en igualdad, profundizar en los conceptos de igualdad, darse cuenta de la necesidad de trabajar con criterios de igualdad y conocer algunas claves para incorporar la perspectiva de g\u00e9nero. Adem\u00e1s, se buscar\u00e1 una aplicaci\u00f3n pr\u00e1ctica y real de lo aprendido.<\/p>\n<p>[\/tm_pb_text][\/tm_pb_column][tm_pb_column type=\u00bb1_2&#8243;][tm_pb_image admin_label=\u00bbIrudia\u00bb src=\u00bbhttps:\/\/www.etxalar.eus\/wp-content\/uploads\/2024\/05\/berdintasuna-irudia.jpg\u00bb alt=\u00bbBerdintasuna\u00bb title_text=\u00bbBerdintasuna\u00bb show_in_lightbox=\u00bboff\u00bb url_new_window=\u00bboff\u00bb use_overlay=\u00bboff\u00bb animation=\u00bboff\u00bb sticky=\u00bboff\u00bb align=\u00bbcenter\u00bb force_fullwidth=\u00bboff\u00bb always_center_on_mobile=\u00bbon\u00bb use_border_color=\u00bboff\u00bb border_color=\u00bb#ffffff\u00bb border_style=\u00bbsolid\u00bb] [\/tm_pb_image][\/tm_pb_column][\/tm_pb_row][\/tm_pb_section]<\/p>\n","protected":false},"excerpt":{"rendered":"<p>La formaci\u00f3n se realizar\u00e1 en Igantzi los d\u00edas 14 y 30 de mayo<\/p>\n","protected":false},"author":9,"featured_media":0,"comment_status":"closed","ping_status":"open","sticky":false,"template":"","format":"standard","meta":{"_et_pb_use_builder":"","_et_pb_old_content":"","_et_gb_content_width":"","footnotes":""},"categories":[253],"tags":[],"class_list":["post-17892","post","type-post","status-publish","format-standard","hentry","category-ayuntamiento"],"_links":{"self":[{"href":"https:\/\/www.etxalar.eus\/es\/wp-json\/wp\/v2\/posts\/17892","targetHints":{"allow":["GET"]}}],"collection":[{"href":"https:\/\/www.etxalar.eus\/es\/wp-json\/wp\/v2\/posts"}],"about":[{"href":"https:\/\/www.etxalar.eus\/es\/wp-json\/wp\/v2\/types\/post"}],"author":[{"embeddable":true,"href":"https:\/\/www.etxalar.eus\/es\/wp-json\/wp\/v2\/users\/9"}],"replies":[{"embeddable":true,"href":"https:\/\/www.etxalar.eus\/es\/wp-json\/wp\/v2\/comments?post=17892"}],"version-history":[{"count":2,"href":"https:\/\/www.etxalar.eus\/es\/wp-json\/wp\/v2\/posts\/17892\/revisions"}],"predecessor-version":[{"id":17894,"href":"https:\/\/www.etxalar.eus\/es\/wp-json\/wp\/v2\/posts\/17892\/revisions\/17894"}],"wp:attachment":[{"href":"https:\/\/www.etxalar.eus\/es\/wp-json\/wp\/v2\/media?parent=17892"}],"wp:term":[{"taxonomy":"category","embeddable":true,"href":"https:\/\/www.etxalar.eus\/es\/wp-json\/wp\/v2\/categories?post=17892"},{"taxonomy":"post_tag","embeddable":true,"href":"https:\/\/www.etxalar.eus\/es\/wp-json\/wp\/v2\/tags?post=17892"}],"curies":[{"name":"wp","href":"https:\/\/api.w.org\/{rel}","templated":true}]}}