{"id":17796,"date":"2024-04-26T16:36:53","date_gmt":"2024-04-26T16:36:53","guid":{"rendered":"https:\/\/www.etxalar.eus\/?p=17796"},"modified":"2024-04-26T16:52:14","modified_gmt":"2024-04-26T16:52:14","slug":"taller-de-ajedrez-y-parchis-en-la-casa-de-cultura","status":"publish","type":"post","link":"https:\/\/www.etxalar.eus\/es\/taller-de-ajedrez-y-parchis-en-la-casa-de-cultura\/","title":{"rendered":"Taller de Ajedrez y parchis en la Casa de Cultura"},"content":{"rendered":"<p>[tm_pb_section admin_label=\u00bbsection\u00bb][tm_pb_row admin_label=\u00bbrow\u00bb][tm_pb_column type=\u00bb1_2&#8243;][tm_pb_text admin_label=\u00bbTestua\u00bb text_orientation=\u00bbleft\u00bb use_border_color=\u00bboff\u00bb border_color=\u00bb#ffffff\u00bb border_style=\u00bbsolid\u00bb]<\/p>\n<p>&nbsp;<\/p>\n<p>&nbsp;<\/p>\n<p>Al comienzo del curso escolar, el Ayuntamiento de Etxalar, junto con la APYMA y la Casa de Cultura, dieron comienzo al ciclo de talleres, \u201cPantailetatik kanpo\u201d o \u00abFuera de las Pantallas\u00bb, con el objetivo de ofrecer alternativas de ocio fuera de las pantallas a l@s ni\u00f1@s y \u00abrecuperar\u00bb los juegos de siempre.<\/p>\n<p>El primer taller se organiz\u00f3 para aprender juegos tradicionales de cartas como el mus, chinch\u00f3n, seises o escoba. Esta segunda sesi\u00f3n est\u00e1 dirigida a los juegos de mesa y los participantes podr\u00e1n probar con el <strong>ajedrez y\/o el parch\u00eds<\/strong>.<\/p>\n<p>El taller se realizar\u00e1 el 3 de mayo, de 17:30 a 18:30 de la tarde en la Casa de Cultura y estar\u00e1 guiada por familias voluntarias. La actividad es apropiada para todas las edades y el material ser\u00e1 de la mano del Club de Ajedrez del Bidasoa y el Ayuntamiento de Etxalar.<\/p>\n<p>\u00a1An\u00edmate a participar!<\/p>\n<p>&nbsp;<\/p>\n<p>[\/tm_pb_text][\/tm_pb_column][tm_pb_column type=\u00bb1_2&#8243;][tm_pb_image admin_label=\u00bbKartela\u00bb src=\u00bbhttps:\/\/www.etxalar.eus\/wp-content\/uploads\/2024\/04\/Xakea-eta-Partxisa-kartela-.jpg\u00bb alt=\u00bbXakea eta partxisa\u00bb title_text=\u00bbXakea eta partxisa\u00bb show_in_lightbox=\u00bboff\u00bb url_new_window=\u00bboff\u00bb use_overlay=\u00bboff\u00bb animation=\u00bboff\u00bb sticky=\u00bboff\u00bb align=\u00bbcenter\u00bb force_fullwidth=\u00bboff\u00bb always_center_on_mobile=\u00bbon\u00bb use_border_color=\u00bboff\u00bb border_color=\u00bb#ffffff\u00bb border_style=\u00bbsolid\u00bb] [\/tm_pb_image][\/tm_pb_column][\/tm_pb_row][\/tm_pb_section]<\/p>\n","protected":false},"excerpt":{"rendered":"<p>Esta segunda sesi\u00f3n del ciclo \u00abFuera de las Pantallas\u00bb, se ofrecer\u00e1 el 3 de mayo, de 17:30 a 18:30 de la tarde<\/p>\n","protected":false},"author":9,"featured_media":0,"comment_status":"closed","ping_status":"open","sticky":false,"template":"","format":"standard","meta":{"_et_pb_use_builder":"","_et_pb_old_content":"","_et_gb_content_width":"","footnotes":""},"categories":[267],"tags":[],"class_list":["post-17796","post","type-post","status-publish","format-standard","hentry","category-casa-de-cultura"],"_links":{"self":[{"href":"https:\/\/www.etxalar.eus\/es\/wp-json\/wp\/v2\/posts\/17796","targetHints":{"allow":["GET"]}}],"collection":[{"href":"https:\/\/www.etxalar.eus\/es\/wp-json\/wp\/v2\/posts"}],"about":[{"href":"https:\/\/www.etxalar.eus\/es\/wp-json\/wp\/v2\/types\/post"}],"author":[{"embeddable":true,"href":"https:\/\/www.etxalar.eus\/es\/wp-json\/wp\/v2\/users\/9"}],"replies":[{"embeddable":true,"href":"https:\/\/www.etxalar.eus\/es\/wp-json\/wp\/v2\/comments?post=17796"}],"version-history":[{"count":4,"href":"https:\/\/www.etxalar.eus\/es\/wp-json\/wp\/v2\/posts\/17796\/revisions"}],"predecessor-version":[{"id":17800,"href":"https:\/\/www.etxalar.eus\/es\/wp-json\/wp\/v2\/posts\/17796\/revisions\/17800"}],"wp:attachment":[{"href":"https:\/\/www.etxalar.eus\/es\/wp-json\/wp\/v2\/media?parent=17796"}],"wp:term":[{"taxonomy":"category","embeddable":true,"href":"https:\/\/www.etxalar.eus\/es\/wp-json\/wp\/v2\/categories?post=17796"},{"taxonomy":"post_tag","embeddable":true,"href":"https:\/\/www.etxalar.eus\/es\/wp-json\/wp\/v2\/tags?post=17796"}],"curies":[{"name":"wp","href":"https:\/\/api.w.org\/{rel}","templated":true}]}}