{"id":17559,"date":"2024-03-27T17:21:56","date_gmt":"2024-03-27T17:21:56","guid":{"rendered":"https:\/\/www.etxalar.eus\/?p=17559"},"modified":"2024-03-27T17:23:16","modified_gmt":"2024-03-27T17:23:16","slug":"la-oficina-de-turismo-estara-abierta-en-semana-santa","status":"publish","type":"post","link":"https:\/\/www.etxalar.eus\/es\/la-oficina-de-turismo-estara-abierta-en-semana-santa\/","title":{"rendered":"La Oficina de Turismo estar\u00e1 abierta en Semana Santa"},"content":{"rendered":"<p>[tm_pb_section admin_label=\u00bbsection\u00bb][tm_pb_row admin_label=\u00bbrow\u00bb][tm_pb_column type=\u00bb4_4&#8243;][tm_pb_text admin_label=\u00bbText\u00bb text_orientation=\u00bbleft\u00bb use_border_color=\u00bboff\u00bb border_color=\u00bb#ffffff\u00bb border_style=\u00bbsolid\u00bb]<\/p>\n<p>Otro a\u00f1o mas, la Oficina de Turismo estar\u00e1 abierta entre el jueves y el l\u00fanes de Semana Santa y Miren Bizente ser\u00e1 la encargada de recibir a los turistas.<\/p>\n<p>Tambi\u00e9n se ofrecer\u00e1n visitas guiadas al pueblo, todos los d\u00edas, a las 13:00h. y a las 19:00h.<\/p>\n<p>&nbsp;<\/p>\n<p>&nbsp;<\/p>\n<p>[\/tm_pb_text][tm_pb_image admin_label=\u00bbOrdutegia\u00bb src=\u00bbhttps:\/\/www.etxalar.eus\/wp-content\/uploads\/2024\/03\/Ordutegia-Aste-Santua-2024.jpg\u00bb alt=\u00bbOrdutegia\u00bb title_text=\u00bbOrdutegia\u00bb show_in_lightbox=\u00bboff\u00bb url_new_window=\u00bboff\u00bb use_overlay=\u00bboff\u00bb animation=\u00bboff\u00bb sticky=\u00bboff\u00bb align=\u00bbcenter\u00bb force_fullwidth=\u00bboff\u00bb always_center_on_mobile=\u00bbon\u00bb use_border_color=\u00bboff\u00bb border_color=\u00bb#ffffff\u00bb border_style=\u00bbsolid\u00bb] [\/tm_pb_image][\/tm_pb_column][\/tm_pb_row][\/tm_pb_section]<\/p>\n","protected":false},"excerpt":{"rendered":"<p>Miren Bizente ser\u00e1 la encargada de recibir a los turistas de jueves a l\u00fanes<\/p>\n","protected":false},"author":9,"featured_media":0,"comment_status":"closed","ping_status":"open","sticky":false,"template":"","format":"standard","meta":{"_et_pb_use_builder":"","_et_pb_old_content":"","_et_gb_content_width":"","footnotes":""},"categories":[258],"tags":[],"class_list":["post-17559","post","type-post","status-publish","format-standard","hentry","category-turismo"],"_links":{"self":[{"href":"https:\/\/www.etxalar.eus\/es\/wp-json\/wp\/v2\/posts\/17559","targetHints":{"allow":["GET"]}}],"collection":[{"href":"https:\/\/www.etxalar.eus\/es\/wp-json\/wp\/v2\/posts"}],"about":[{"href":"https:\/\/www.etxalar.eus\/es\/wp-json\/wp\/v2\/types\/post"}],"author":[{"embeddable":true,"href":"https:\/\/www.etxalar.eus\/es\/wp-json\/wp\/v2\/users\/9"}],"replies":[{"embeddable":true,"href":"https:\/\/www.etxalar.eus\/es\/wp-json\/wp\/v2\/comments?post=17559"}],"version-history":[{"count":3,"href":"https:\/\/www.etxalar.eus\/es\/wp-json\/wp\/v2\/posts\/17559\/revisions"}],"predecessor-version":[{"id":17562,"href":"https:\/\/www.etxalar.eus\/es\/wp-json\/wp\/v2\/posts\/17559\/revisions\/17562"}],"wp:attachment":[{"href":"https:\/\/www.etxalar.eus\/es\/wp-json\/wp\/v2\/media?parent=17559"}],"wp:term":[{"taxonomy":"category","embeddable":true,"href":"https:\/\/www.etxalar.eus\/es\/wp-json\/wp\/v2\/categories?post=17559"},{"taxonomy":"post_tag","embeddable":true,"href":"https:\/\/www.etxalar.eus\/es\/wp-json\/wp\/v2\/tags?post=17559"}],"curies":[{"name":"wp","href":"https:\/\/api.w.org\/{rel}","templated":true}]}}