{"id":17438,"date":"2024-03-01T18:40:13","date_gmt":"2024-03-01T18:40:13","guid":{"rendered":"https:\/\/www.etxalar.eus\/?p=17438"},"modified":"2024-03-07T16:30:08","modified_gmt":"2024-03-07T16:30:08","slug":"8-de-marzo-dia-internacional-de-las-mujeres","status":"publish","type":"post","link":"https:\/\/www.etxalar.eus\/es\/8-de-marzo-dia-internacional-de-las-mujeres\/","title":{"rendered":"8 de marzo, D\u00eda Internacional de las Mujeres"},"content":{"rendered":"<p>[tm_pb_section admin_label=\u00bbsection\u00bb][tm_pb_row admin_label=\u00bbRow\u00bb][tm_pb_column type=\u00bb1_2&#8243;][tm_pb_image admin_label=\u00bbM8 Etxalar\u00bb src=\u00bbhttps:\/\/www.etxalar.eus\/wp-content\/uploads\/2024\/03\/M8-Etxalar.jpg\u00bb alt=\u00bb8 de marzo Etxalar\u00bb title_text=\u00bb8 de marzo Etxalar\u00bb show_in_lightbox=\u00bboff\u00bb url_new_window=\u00bboff\u00bb use_overlay=\u00bboff\u00bb animation=\u00bboff\u00bb sticky=\u00bboff\u00bb align=\u00bbcenter\u00bb force_fullwidth=\u00bboff\u00bb always_center_on_mobile=\u00bbon\u00bb use_border_color=\u00bboff\u00bb border_color=\u00bb#ffffff\u00bb border_style=\u00bbsolid\u00bb \/][\/tm_pb_column][tm_pb_column type=\u00bb1_2&#8243;][tm_pb_image admin_label=\u00bb8m Bortziriak\u00bb src=\u00bbhttps:\/\/www.etxalar.eus\/wp-content\/uploads\/2024\/03\/M8-_bortziriak-egitaraua_A3.jpg\u00bb alt=\u00bb8M Bortziriak\u00bb title_text=\u00bb8M Bortziriak\u00bb show_in_lightbox=\u00bboff\u00bb url_new_window=\u00bboff\u00bb use_overlay=\u00bboff\u00bb animation=\u00bboff\u00bb sticky=\u00bboff\u00bb align=\u00bbcenter\u00bb force_fullwidth=\u00bboff\u00bb always_center_on_mobile=\u00bbon\u00bb use_border_color=\u00bboff\u00bb border_color=\u00bb#ffffff\u00bb border_style=\u00bbsolid\u00bb] [\/tm_pb_image][\/tm_pb_column][\/tm_pb_row][tm_pb_row admin_label=\u00bbRow\u00bb][tm_pb_column type=\u00bb1_2&#8243;][tm_pb_text admin_label=\u00bbText\u00bb text_orientation=\u00bbleft\u00bb use_border_color=\u00bboff\u00bb border_color=\u00bb#ffffff\u00bb border_style=\u00bbsolid\u00bb]<\/p>\n<h2 style=\"text-align: center;\">MANOSFERA: Charlas<\/h2>\n<p>[\/tm_pb_text][tm_pb_text admin_label=\u00bb8M Hitzaldiak\u00bb text_orientation=\u00bbleft\u00bb use_border_color=\u00bboff\u00bb border_color=\u00bb#ffffff\u00bb border_style=\u00bbsolid\u00bb]<\/p>\n<p><strong>Manosfera. \u00bfQu\u00e9 es? \u00a1Machismo organizado! \u00bfY qu\u00e9 podemos hacer?<\/strong><\/p>\n<p>Los discursos machistas cobran fuerza en internet y forman parte de lo que llamamos \u00abmanosfera\u00bb. En estos espacios virtuales se difunden mensajes antifeministas, mis\u00f3ginos y negacionistas de la violencia de g\u00e9nero que presentan al hombre como una aut\u00e9ntica v\u00edctima en la sociedad actual, rodeado de fake news e informaci\u00f3n sin ning\u00fan fundamento. \u00bfQu\u00e9 podemos hacer ante esto?<\/p>\n<p><strong>&nbsp;<\/strong><\/p>\n<p>&#x1f4c6; 7 de marzo, jueves &#x23f0; 18:00<\/p>\n<p>&#x1f4cd; Arizkunenea (\u00faltima planta)<\/p>\n<p>Ponente: <strong>Esti Linares<\/strong>, trabajadora social, investigadora y activista feminista<\/p>\n<p>M\u00e1s informaci\u00f3n <a href=\"mailto:berdintasuna@baztan.eus\">berdintasuna@baztan.eus<\/a>o en el tel\u00e9fono 613 003634.<\/p>\n<p><strong>&nbsp;<\/strong><\/p>\n<p><strong>Explorando la manosfera: las tentaciones y la crisis de la masculinidad<\/strong><\/p>\n<p>En esta charla analizamos Manosfera desde una perspectiva cr\u00edtica, el porqu\u00e9 que nos atraen a los hombres hacia este espacio online Abordando las crisis de identidad enfrentadas. Analizaremos aspectos problem\u00e1ticos como la influencia de la cultura alfa, la evoluci\u00f3n de los roles de g\u00e9nero y la misoginia y la \u00abtoxicidad\u00bb. El objetivo es reflexionar sobre la masculinidad contempor\u00e1nea y buscar caminos para una expresi\u00f3n m\u00e1s saludable y equilibrada de la misma. Tambi\u00e9n analizaremos c\u00f3mo afrontarlo desde las masculinidades y como hombres, ya que muchas de las ideas y argumentos de la Manosfera ya han saltado a la realidad de nuestro entorno.<\/p>\n<p>&#x1f4c6; 14 de marzo, jueves &#x23f0; 18:00<\/p>\n<p>&#x1f4cd; Igantzi<\/p>\n<p>[\/tm_pb_text][\/tm_pb_column][tm_pb_column type=\u00bb1_2&#8243;][tm_pb_image admin_label=\u00bbHitzaldi zikloa kartela\u00bb src=\u00bbhttps:\/\/www.etxalar.eus\/wp-content\/uploads\/2024\/03\/2024-M8-hitzaldi-zikloa-2.jpg\u00bb alt=\u00bb8M Hitzaldi zikloa 2024&#8243; show_in_lightbox=\u00bboff\u00bb url_new_window=\u00bboff\u00bb use_overlay=\u00bboff\u00bb animation=\u00bbleft\u00bb sticky=\u00bboff\u00bb align=\u00bbleft\u00bb force_fullwidth=\u00bboff\u00bb always_center_on_mobile=\u00bbon\u00bb use_border_color=\u00bboff\u00bb border_color=\u00bb#ffffff\u00bb border_style=\u00bbsolid\u00bb] [\/tm_pb_image][\/tm_pb_column][\/tm_pb_row][\/tm_pb_section]<\/p>\n","protected":false},"excerpt":{"rendered":"<p>8 de marzo, D\u00eda Internacional de las Mujeres. SILENCIA EL MACHISMO<\/p>\n","protected":false},"author":9,"featured_media":0,"comment_status":"closed","ping_status":"open","sticky":false,"template":"","format":"standard","meta":{"_et_pb_use_builder":"","_et_pb_old_content":"","_et_gb_content_width":"","footnotes":""},"categories":[317],"tags":[],"class_list":["post-17438","post","type-post","status-publish","format-standard","hentry","category-servicios-sociales"],"_links":{"self":[{"href":"https:\/\/www.etxalar.eus\/es\/wp-json\/wp\/v2\/posts\/17438","targetHints":{"allow":["GET"]}}],"collection":[{"href":"https:\/\/www.etxalar.eus\/es\/wp-json\/wp\/v2\/posts"}],"about":[{"href":"https:\/\/www.etxalar.eus\/es\/wp-json\/wp\/v2\/types\/post"}],"author":[{"embeddable":true,"href":"https:\/\/www.etxalar.eus\/es\/wp-json\/wp\/v2\/users\/9"}],"replies":[{"embeddable":true,"href":"https:\/\/www.etxalar.eus\/es\/wp-json\/wp\/v2\/comments?post=17438"}],"version-history":[{"count":4,"href":"https:\/\/www.etxalar.eus\/es\/wp-json\/wp\/v2\/posts\/17438\/revisions"}],"predecessor-version":[{"id":17460,"href":"https:\/\/www.etxalar.eus\/es\/wp-json\/wp\/v2\/posts\/17438\/revisions\/17460"}],"wp:attachment":[{"href":"https:\/\/www.etxalar.eus\/es\/wp-json\/wp\/v2\/media?parent=17438"}],"wp:term":[{"taxonomy":"category","embeddable":true,"href":"https:\/\/www.etxalar.eus\/es\/wp-json\/wp\/v2\/categories?post=17438"},{"taxonomy":"post_tag","embeddable":true,"href":"https:\/\/www.etxalar.eus\/es\/wp-json\/wp\/v2\/tags?post=17438"}],"curies":[{"name":"wp","href":"https:\/\/api.w.org\/{rel}","templated":true}]}}