{"id":17222,"date":"2024-02-15T16:11:33","date_gmt":"2024-02-15T16:11:33","guid":{"rendered":"https:\/\/www.etxalar.eus\/?p=17222"},"modified":"2024-02-27T18:46:46","modified_gmt":"2024-02-27T18:46:46","slug":"mugalur-proiektua","status":"publish","type":"post","link":"https:\/\/www.etxalar.eus\/es\/mugalur-proiektua\/","title":{"rendered":"Proyecto Mugalur"},"content":{"rendered":"<p>[tm_pb_section admin_label=\u00bbsection\u00bb][tm_pb_row admin_label=\u00bbrow\u00bb][tm_pb_column type=\u00bb1_2&#8243;][tm_pb_text admin_label=\u00bbMugalur texto\u00bb text_orientation=\u00bbleft\u00bb use_border_color=\u00bboff\u00bb border_color=\u00bb#ffffff\u00bb border_style=\u00bbsolid\u00bb]<\/p>\n<p>Este proyecto tiene como objetivo a los habitantes de Xareta, Bortziriak, Azkaine, Urru\u00f1a, Biriatu y Ezpeleta. Con esta iniciativa se pretende impulsar la reflexi\u00f3n sobre las vivencias de la realidad de la frontera con los habitantes del lugar, para lo que se desarrollar\u00e1n diferentes talleres.<\/p>\n<p>Talleres:<\/p>\n<ul>\n<li>Viernes 1 de marzo a las 19.00 horas en Bera, en la sala Beralandeta, para los habitantes de Bortziriak, Xareta, Askaine, Urru\u00f1a y Biriatu.<\/li>\n<li>S\u00e1bado 2 de marzo a las 10.30 horas en la sala Lur Berri de Sare para los habitantes de Xareta, Ezpeleta, Azkaine, Urru\u00f1a, Biriatu y Bortziriak.<\/li>\n<li>Jueves 11 de abril a las 19.00 horas en Borderline Fabrika de Hendaya para los residentes de Txingudi.<\/li>\n<li>S\u00e1bado 13 de abril a las 10.30 horas en Amaiur para los habitantes de Baigorri, Baztan, Bidarrai e Itsasu.<\/li>\n<\/ul>\n<p>M\u00e1s informaci\u00f3n y para la inscripci\u00f3n aqu\u00ed: <strong><a href=\"https:\/\/framaforms.org\/2-projet-proyecto-mugalur-proiektua-izen-emaitea-inscription-inscripcion-1705393553\">Formularioa<\/a><\/strong><\/p>\n<p>Para m\u00e1s informaci\u00f3n: <strong><a href=\"https:\/\/jendarte-iparralde.eus\/esperimentazioak\/mugalur\/\">Aqu\u00ed<\/a><\/strong><\/p>\n<p>[\/tm_pb_text][\/tm_pb_column][tm_pb_column type=\u00bb1_2&#8243;][tm_pb_image admin_label=\u00bbMugalurra cartel\u00bb src=\u00bbhttps:\/\/www.etxalar.eus\/wp-content\/uploads\/2024\/02\/Mugalurrak-Kartela-e1708012502823.jpg\u00bb show_in_lightbox=\u00bboff\u00bb url=\u00bbhttps:\/\/www.etxalar.eus\/wp-content\/uploads\/2024\/02\/Mugalurrak-Kartela.pdf\u00bb url_new_window=\u00bboff\u00bb use_overlay=\u00bboff\u00bb animation=\u00bboff\u00bb sticky=\u00bboff\u00bb align=\u00bbcenter\u00bb force_fullwidth=\u00bboff\u00bb always_center_on_mobile=\u00bbon\u00bb use_border_color=\u00bboff\u00bb border_color=\u00bb#ffffff\u00bb border_style=\u00bbsolid\u00bb] [\/tm_pb_image][\/tm_pb_column][\/tm_pb_row][\/tm_pb_section]<\/p>\n","protected":false},"excerpt":{"rendered":"<p>Iniciativa entre pueblos vecinos a la frontera.<\/p>\n","protected":false},"author":9,"featured_media":17219,"comment_status":"closed","ping_status":"open","sticky":false,"template":"","format":"standard","meta":{"_et_pb_use_builder":"","_et_pb_old_content":"","_et_gb_content_width":"","footnotes":""},"categories":[253],"tags":[],"class_list":["post-17222","post","type-post","status-publish","format-standard","has-post-thumbnail","hentry","category-ayuntamiento"],"_links":{"self":[{"href":"https:\/\/www.etxalar.eus\/es\/wp-json\/wp\/v2\/posts\/17222","targetHints":{"allow":["GET"]}}],"collection":[{"href":"https:\/\/www.etxalar.eus\/es\/wp-json\/wp\/v2\/posts"}],"about":[{"href":"https:\/\/www.etxalar.eus\/es\/wp-json\/wp\/v2\/types\/post"}],"author":[{"embeddable":true,"href":"https:\/\/www.etxalar.eus\/es\/wp-json\/wp\/v2\/users\/9"}],"replies":[{"embeddable":true,"href":"https:\/\/www.etxalar.eus\/es\/wp-json\/wp\/v2\/comments?post=17222"}],"version-history":[{"count":3,"href":"https:\/\/www.etxalar.eus\/es\/wp-json\/wp\/v2\/posts\/17222\/revisions"}],"predecessor-version":[{"id":17416,"href":"https:\/\/www.etxalar.eus\/es\/wp-json\/wp\/v2\/posts\/17222\/revisions\/17416"}],"wp:featuredmedia":[{"embeddable":true,"href":"https:\/\/www.etxalar.eus\/es\/wp-json\/wp\/v2\/media\/17219"}],"wp:attachment":[{"href":"https:\/\/www.etxalar.eus\/es\/wp-json\/wp\/v2\/media?parent=17222"}],"wp:term":[{"taxonomy":"category","embeddable":true,"href":"https:\/\/www.etxalar.eus\/es\/wp-json\/wp\/v2\/categories?post=17222"},{"taxonomy":"post_tag","embeddable":true,"href":"https:\/\/www.etxalar.eus\/es\/wp-json\/wp\/v2\/tags?post=17222"}],"curies":[{"name":"wp","href":"https:\/\/api.w.org\/{rel}","templated":true}]}}