{"id":16843,"date":"2023-12-18T15:55:07","date_gmt":"2023-12-18T15:55:07","guid":{"rendered":"https:\/\/www.etxalar.eus\/?p=16843"},"modified":"2023-12-18T15:56:19","modified_gmt":"2023-12-18T15:56:19","slug":"ya-vienen-olentzero-y-maridoningi","status":"publish","type":"post","link":"https:\/\/www.etxalar.eus\/es\/ya-vienen-olentzero-y-maridoningi\/","title":{"rendered":"\u00a1Ya vienen Olentzero y Maridoningi!"},"content":{"rendered":"<p>[tm_pb_section admin_label=\u00bbsection\u00bb][tm_pb_row admin_label=\u00bbrow\u00bb][tm_pb_column type=\u00bb1_2&#8243;][tm_pb_text admin_label=\u00bbOlentzero texto\u00bb text_orientation=\u00bbjustified\u00bb use_border_color=\u00bboff\u00bb border_color=\u00bb#ffffff\u00bb border_style=\u00bbsolid\u00bb]<\/p>\n<p>El 24 de diciembre las celebraciones comenzar\u00e1n desde la tarde. A las 16:30 saldr\u00e1n las carrozas con los Olentzeros y con la ayuda de los txitularis y trikitilaris, se har\u00e1 una kalejira por el pueblo. En el recorrido se encontrar\u00e1n con Olentzero y Maridomingi, y estos se acercar\u00e1n al front\u00f3n en el que se ofrecer\u00e1 una merienda.<\/p>\n<p>Despu\u00e9s los trikitilaris del pueblo ofrecer\u00e1n un concierto. Siguiendo la tradici\u00f3n, tras la misa (Se celebrar\u00e1 a las 18:00), se le cantar\u00e1 a Olentzero en la entrada a la iglesia.<\/p>\n<p>[\/tm_pb_text][\/tm_pb_column][tm_pb_column type=\u00bb1_2&#8243;][tm_pb_image admin_label=\u00bbOlentzero cartel\u00bb src=\u00bbhttps:\/\/www.etxalar.eus\/wp-content\/uploads\/2023\/12\/Olentzero-Kartelerako-2023.jpg\u00bb title_text=\u00bbKartela ikusi\u00bb show_in_lightbox=\u00bboff\u00bb url=\u00bbhttps:\/\/www.etxalar.eus\/wp-content\/uploads\/2023\/12\/Olentzero-Kartelerako-2023.pdf\u00bb url_new_window=\u00bbon\u00bb use_overlay=\u00bboff\u00bb animation=\u00bboff\u00bb sticky=\u00bboff\u00bb align=\u00bbcenter\u00bb force_fullwidth=\u00bboff\u00bb always_center_on_mobile=\u00bbon\u00bb use_border_color=\u00bboff\u00bb border_color=\u00bb#ffffff\u00bb border_style=\u00bbsolid\u00bb] [\/tm_pb_image][\/tm_pb_column][\/tm_pb_row][\/tm_pb_section]<\/p>\n","protected":false},"excerpt":{"rendered":"<p>El d\u00eda de noche buena ambos se acercar\u00e1n al front\u00f3n.<\/p>\n","protected":false},"author":9,"featured_media":16839,"comment_status":"closed","ping_status":"open","sticky":false,"template":"","format":"standard","meta":{"_et_pb_use_builder":"","_et_pb_old_content":"","_et_gb_content_width":"","footnotes":""},"categories":[259],"tags":[],"class_list":["post-16843","post","type-post","status-publish","format-standard","has-post-thumbnail","hentry","category-celebraciones"],"_links":{"self":[{"href":"https:\/\/www.etxalar.eus\/es\/wp-json\/wp\/v2\/posts\/16843","targetHints":{"allow":["GET"]}}],"collection":[{"href":"https:\/\/www.etxalar.eus\/es\/wp-json\/wp\/v2\/posts"}],"about":[{"href":"https:\/\/www.etxalar.eus\/es\/wp-json\/wp\/v2\/types\/post"}],"author":[{"embeddable":true,"href":"https:\/\/www.etxalar.eus\/es\/wp-json\/wp\/v2\/users\/9"}],"replies":[{"embeddable":true,"href":"https:\/\/www.etxalar.eus\/es\/wp-json\/wp\/v2\/comments?post=16843"}],"version-history":[{"count":3,"href":"https:\/\/www.etxalar.eus\/es\/wp-json\/wp\/v2\/posts\/16843\/revisions"}],"predecessor-version":[{"id":16847,"href":"https:\/\/www.etxalar.eus\/es\/wp-json\/wp\/v2\/posts\/16843\/revisions\/16847"}],"wp:featuredmedia":[{"embeddable":true,"href":"https:\/\/www.etxalar.eus\/es\/wp-json\/wp\/v2\/media\/16839"}],"wp:attachment":[{"href":"https:\/\/www.etxalar.eus\/es\/wp-json\/wp\/v2\/media?parent=16843"}],"wp:term":[{"taxonomy":"category","embeddable":true,"href":"https:\/\/www.etxalar.eus\/es\/wp-json\/wp\/v2\/categories?post=16843"},{"taxonomy":"post_tag","embeddable":true,"href":"https:\/\/www.etxalar.eus\/es\/wp-json\/wp\/v2\/tags?post=16843"}],"curies":[{"name":"wp","href":"https:\/\/api.w.org\/{rel}","templated":true}]}}