{"id":12482,"date":"2022-06-30T08:24:19","date_gmt":"2022-06-30T08:24:19","guid":{"rendered":"https:\/\/www.etxalar.eus\/?p=12482"},"modified":"2022-07-06T09:07:23","modified_gmt":"2022-07-06T09:07:23","slug":"ya-hay-premiados","status":"publish","type":"post","link":"https:\/\/www.etxalar.eus\/es\/ya-hay-premiados\/","title":{"rendered":"\u00a1Ya hay premiados!"},"content":{"rendered":"<p>Ya conocemos quienes son los ganadores de los diferentes concursos que estaban en marcha.<\/p>\n<p>Por un lado, en el concurso del nuevo logo de la casa de Cultura, 6 fueron los trabajos que se presentaron, pero 3 se desestimaron porque no cumpl\u00edan con los requisitos y el concurso se decidi\u00f3 entre tres trabajos, resultando ganador el presentado por el donostiarra Aritz Kabe (El nuevo propietario de del Molino Gainko Errota). La presentaci\u00f3n del nuevo logo se har\u00e1 el 30 de junio en el d\u00eda de celebraci\u00f3n del XX aniversario de la Casa de Cultura.<\/p>\n<p>Por otro lado, en el concurso de portadas y cartel de fiestas, se han presentado&nbsp; menos trabajos que en las ediciones anteriores. La portada ganadora ha sido la presentada por Andrea Gouraud y en el concurso de carteles por su parte el premio ha quedado desierto ya que en opini\u00f3n del jurado no cumpl\u00eda ni con las condiciones ni ten\u00edan la calidad m\u00ednima exigida.<\/p>\n<p>\u00a1Felicidades a los premiados!<\/p>\n<p style=\"text-align: center;\"><img loading=\"lazy\" decoding=\"async\" class=\"alignnone wp-image-12119 size-full\" src=\"https:\/\/www.etxalar.eus\/wp-content\/uploads\/2022\/04\/Logo-lehiaketa-kartela-WEB-1.jpg\" alt=\"\" width=\"552\" height=\"800\"><\/p>\n<p><img loading=\"lazy\" decoding=\"async\" class=\"aligncenter wp-image-12359 size-large\" src=\"https:\/\/www.etxalar.eus\/wp-content\/uploads\/2022\/05\/Etxalarko-bestak-kARTELA-AZALA-lehiaketa-2022-1024x683.jpg\" alt=\"\" width=\"710\" height=\"474\">&nbsp; &nbsp; &nbsp;<\/p>\n","protected":false},"excerpt":{"rendered":"<p>Se han dirimido los ganadores del concurso del nuevo logo de la Casa de Cultura y del concurso de la portada del programa y del cartel de fiestas.<\/p>\n","protected":false},"author":9,"featured_media":12364,"comment_status":"closed","ping_status":"open","sticky":false,"template":"","format":"standard","meta":{"_et_pb_use_builder":"","_et_pb_old_content":"","_et_gb_content_width":"","footnotes":""},"categories":[267,270],"tags":[],"class_list":["post-12482","post","type-post","status-publish","format-standard","has-post-thumbnail","hentry","category-casa-de-cultura","category-kultura"],"_links":{"self":[{"href":"https:\/\/www.etxalar.eus\/es\/wp-json\/wp\/v2\/posts\/12482","targetHints":{"allow":["GET"]}}],"collection":[{"href":"https:\/\/www.etxalar.eus\/es\/wp-json\/wp\/v2\/posts"}],"about":[{"href":"https:\/\/www.etxalar.eus\/es\/wp-json\/wp\/v2\/types\/post"}],"author":[{"embeddable":true,"href":"https:\/\/www.etxalar.eus\/es\/wp-json\/wp\/v2\/users\/9"}],"replies":[{"embeddable":true,"href":"https:\/\/www.etxalar.eus\/es\/wp-json\/wp\/v2\/comments?post=12482"}],"version-history":[{"count":2,"href":"https:\/\/www.etxalar.eus\/es\/wp-json\/wp\/v2\/posts\/12482\/revisions"}],"predecessor-version":[{"id":12484,"href":"https:\/\/www.etxalar.eus\/es\/wp-json\/wp\/v2\/posts\/12482\/revisions\/12484"}],"wp:featuredmedia":[{"embeddable":true,"href":"https:\/\/www.etxalar.eus\/es\/wp-json\/wp\/v2\/media\/12364"}],"wp:attachment":[{"href":"https:\/\/www.etxalar.eus\/es\/wp-json\/wp\/v2\/media?parent=12482"}],"wp:term":[{"taxonomy":"category","embeddable":true,"href":"https:\/\/www.etxalar.eus\/es\/wp-json\/wp\/v2\/categories?post=12482"},{"taxonomy":"post_tag","embeddable":true,"href":"https:\/\/www.etxalar.eus\/es\/wp-json\/wp\/v2\/tags?post=12482"}],"curies":[{"name":"wp","href":"https:\/\/api.w.org\/{rel}","templated":true}]}}