{"id":12457,"date":"2022-06-27T11:40:20","date_gmt":"2022-06-27T11:40:20","guid":{"rendered":"https:\/\/www.etxalar.eus\/?p=12457"},"modified":"2022-07-06T09:07:23","modified_gmt":"2022-07-06T09:07:23","slug":"la-casa-de-cultura-20-anos","status":"publish","type":"post","link":"https:\/\/www.etxalar.eus\/es\/la-casa-de-cultura-20-anos\/","title":{"rendered":"La casa de Cultura, 20 a\u00f1os"},"content":{"rendered":"<p>Cumplir 20 a\u00f1os de andadura no es poca cosa y para celebrarlo, se ha organizado un sencillo programa para el pr\u00f3ximo 30 de junio.<\/p>\n<p>Comenzando las 18h se desarrollar\u00e1n diferentes actividades. En primer lugar se dar\u00e1 a conocer el nuevo logo de la casa de Cultura y posteriormente se proyectar\u00e1 un video con im\u00e1genes de las fiestas patronales a finales de la d\u00e9cada de 1980. Por \u00faltimo, para finalizar la celebraci\u00f3n, La casa de Cultura ofrecer\u00e1 una merienda a todos los asistentes. Esta estar\u00e1 amenizada por los <em>trikitilaris<\/em> del pueblo<\/p>\n<p>\u00a1Est\u00e1is todos invitados!<\/p>\n<p style=\"text-align: center;\"><img loading=\"lazy\" decoding=\"async\" class=\"alignnone  wp-image-12450\" src=\"https:\/\/www.etxalar.eus\/wp-content\/uploads\/2022\/06\/Kulturetxea-etxea-20-URTE-k-707x1024.jpg\" alt=\"\" width=\"517\" height=\"749\" srcset=\"https:\/\/www.etxalar.eus\/wp-content\/uploads\/2022\/06\/Kulturetxea-etxea-20-URTE-k-707x1024.jpg 707w, https:\/\/www.etxalar.eus\/wp-content\/uploads\/2022\/06\/Kulturetxea-etxea-20-URTE-k-207x300.jpg 207w, https:\/\/www.etxalar.eus\/wp-content\/uploads\/2022\/06\/Kulturetxea-etxea-20-URTE-k-768x1113.jpg 768w, https:\/\/www.etxalar.eus\/wp-content\/uploads\/2022\/06\/Kulturetxea-etxea-20-URTE-k-1060x1536.jpg 1060w, https:\/\/www.etxalar.eus\/wp-content\/uploads\/2022\/06\/Kulturetxea-etxea-20-URTE-k-1413x2048.jpg 1413w, https:\/\/www.etxalar.eus\/wp-content\/uploads\/2022\/06\/Kulturetxea-etxea-20-URTE-k-scaled.jpg 1767w\" sizes=\"(max-width: 517px) 100vw, 517px\" \/><\/p>\n","protected":false},"excerpt":{"rendered":"<p>La celebraci\u00f3n se llevar\u00e1 a cabo el pr\u00f3ximo jueves 30 de junio.<\/p>\n","protected":false},"author":9,"featured_media":12448,"comment_status":"closed","ping_status":"open","sticky":false,"template":"","format":"standard","meta":{"_et_pb_use_builder":"","_et_pb_old_content":"","_et_gb_content_width":"","footnotes":""},"categories":[253,267],"tags":[],"class_list":["post-12457","post","type-post","status-publish","format-standard","has-post-thumbnail","hentry","category-ayuntamiento","category-casa-de-cultura"],"_links":{"self":[{"href":"https:\/\/www.etxalar.eus\/es\/wp-json\/wp\/v2\/posts\/12457","targetHints":{"allow":["GET"]}}],"collection":[{"href":"https:\/\/www.etxalar.eus\/es\/wp-json\/wp\/v2\/posts"}],"about":[{"href":"https:\/\/www.etxalar.eus\/es\/wp-json\/wp\/v2\/types\/post"}],"author":[{"embeddable":true,"href":"https:\/\/www.etxalar.eus\/es\/wp-json\/wp\/v2\/users\/9"}],"replies":[{"embeddable":true,"href":"https:\/\/www.etxalar.eus\/es\/wp-json\/wp\/v2\/comments?post=12457"}],"version-history":[{"count":4,"href":"https:\/\/www.etxalar.eus\/es\/wp-json\/wp\/v2\/posts\/12457\/revisions"}],"predecessor-version":[{"id":12461,"href":"https:\/\/www.etxalar.eus\/es\/wp-json\/wp\/v2\/posts\/12457\/revisions\/12461"}],"wp:featuredmedia":[{"embeddable":true,"href":"https:\/\/www.etxalar.eus\/es\/wp-json\/wp\/v2\/media\/12448"}],"wp:attachment":[{"href":"https:\/\/www.etxalar.eus\/es\/wp-json\/wp\/v2\/media?parent=12457"}],"wp:term":[{"taxonomy":"category","embeddable":true,"href":"https:\/\/www.etxalar.eus\/es\/wp-json\/wp\/v2\/categories?post=12457"},{"taxonomy":"post_tag","embeddable":true,"href":"https:\/\/www.etxalar.eus\/es\/wp-json\/wp\/v2\/tags?post=12457"}],"curies":[{"name":"wp","href":"https:\/\/api.w.org\/{rel}","templated":true}]}}