{"id":12299,"date":"2022-05-19T14:57:14","date_gmt":"2022-05-19T14:57:14","guid":{"rendered":"https:\/\/www.etxalar.eus\/?p=12299"},"modified":"2022-07-06T09:07:24","modified_gmt":"2022-07-06T09:07:24","slug":"piscinas-municipales-2022","status":"publish","type":"post","link":"https:\/\/www.etxalar.eus\/es\/piscinas-municipales-2022\/","title":{"rendered":"Piscinas municipales 2022"},"content":{"rendered":"<p>[tm_pb_section admin_label=\u00bbsection\u00bb][tm_pb_row admin_label=\u00bbrow\u00bb][tm_pb_column type=\u00bb1_2&#8243;][tm_pb_text admin_label=\u00bbPiscinas 2022 &#8211; texto\u00bb text_orientation=\u00bbleft\u00bb use_border_color=\u00bboff\u00bb border_color=\u00bb#ffffff\u00bb border_style=\u00bbsolid\u00bb]<\/p>\n<p>La temporada de las piscinas de Etxalar esta temporada comenzar\u00e1 el 24 de junio y finalizar\u00e1 el 29 de agosto, y para ello el ayuntamiento de Etxalar se ha puesto a trabajar. Contratar\u00e1 dos socorristas y dos empleados. Estos \u00faltimos se ocupar\u00e1n del funcionamiento de las piscinas municipales.<\/p>\n<p>Fecha l\u00edmite para presentar las solicitudes: Hasta las 14:00 del 1 de junio de 2022<\/p>\n<ul>\n<li>Socorristas\n<ul>\n<li><a href=\"https:\/\/www.etxalar.eus\/wp-content\/uploads\/2022\/05\/bandoa-sorosleak.pdf\" target=\"_blank\" rel=\"noopener noreferrer\">Bando municipal<\/a><\/li>\n<li><a href=\"https:\/\/www.etxalar.eus\/wp-content\/uploads\/2022\/05\/deialdia-sorosleak-1.pdf\" target=\"_blank\" rel=\"noopener noreferrer\">Convocatoria; descripci\u00f3n del trabajo<\/a><\/li>\n<li><a href=\"https:\/\/www.etxalar.eus\/wp-content\/uploads\/2022\/05\/erantzukizunpeko-adierazpena-sorosleak.pdf\" target=\"_blank\" rel=\"noopener noreferrer\">Declaraci\u00f3n responsable<\/a><\/li>\n<\/ul>\n<\/li>\n<li>Empleados\n<ul>\n<li><a href=\"https:\/\/www.etxalar.eus\/wp-content\/uploads\/2022\/05\/bandoa-ostatua-sarrerak-1.pdf\" target=\"_blank\" rel=\"noopener noreferrer\">Bando municipal<\/a><\/li>\n<li><a href=\"https:\/\/www.etxalar.eus\/wp-content\/uploads\/2022\/05\/deialdia-ostatua-sarrerak-1.pdf\" target=\"_blank\" rel=\"noopener noreferrer\">Convocatoria; descripci\u00f3n del trabajo<\/a><\/li>\n<li><a href=\"https:\/\/www.etxalar.eus\/wp-content\/uploads\/2022\/05\/erantzukizunpeko-adierazpena-ostatua-sarrerak.pdf\" target=\"_blank\" rel=\"noopener noreferrer\">Declaraci\u00f3n responsable<\/a><\/li>\n<\/ul>\n<\/li>\n<\/ul>\n<p>[\/tm_pb_text][\/tm_pb_column][tm_pb_column type=\u00bb1_2&#8243;][tm_pb_image admin_label=\u00bbPiscina\u00bb src=\u00bbhttps:\/\/www.etxalar.eus\/wp-content\/uploads\/2022\/05\/igeri_tarifak2021.jpg\u00bb show_in_lightbox=\u00bboff\u00bb url_new_window=\u00bboff\u00bb use_overlay=\u00bboff\u00bb animation=\u00bboff\u00bb sticky=\u00bboff\u00bb align=\u00bbcenter\u00bb disabled=\u00bboff\u00bb disabled_on=\u00bb|||off\u00bb force_fullwidth=\u00bboff\u00bb always_center_on_mobile=\u00bbon\u00bb use_border_color=\u00bboff\u00bb border_color=\u00bb#ffffff\u00bb border_style=\u00bbsolid\u00bb] [\/tm_pb_image][tm_pb_image admin_label=\u00bbPiscina 1&#8243; src=\u00bbhttps:\/\/www.etxalar.eus\/wp-content\/uploads\/2022\/05\/zerbitzuak_igerilekua_web.jpg\u00bb show_in_lightbox=\u00bboff\u00bb url_new_window=\u00bboff\u00bb use_overlay=\u00bboff\u00bb animation=\u00bboff\u00bb sticky=\u00bboff\u00bb align=\u00bbcenter\u00bb disabled=\u00bboff\u00bb disabled_on=\u00bb|||off\u00bb force_fullwidth=\u00bboff\u00bb always_center_on_mobile=\u00bbon\u00bb use_border_color=\u00bboff\u00bb border_color=\u00bb#ffffff\u00bb border_style=\u00bbsolid\u00bb custom_margin=\u00bb20px||20px|\u00bb] [\/tm_pb_image][\/tm_pb_column][\/tm_pb_row][\/tm_pb_section]<\/p>\n","protected":false},"excerpt":{"rendered":"<p>El ayuntamiento ha publicado las convocatorias para la contrataci\u00f3n de dos socorristas y de dos empleados. <\/p>\n","protected":false},"author":9,"featured_media":12287,"comment_status":"closed","ping_status":"open","sticky":false,"template":"","format":"standard","meta":{"_et_pb_use_builder":"","_et_pb_old_content":"","_et_gb_content_width":"","footnotes":""},"categories":[],"tags":[],"class_list":["post-12299","post","type-post","status-publish","format-standard","has-post-thumbnail","hentry"],"_links":{"self":[{"href":"https:\/\/www.etxalar.eus\/es\/wp-json\/wp\/v2\/posts\/12299","targetHints":{"allow":["GET"]}}],"collection":[{"href":"https:\/\/www.etxalar.eus\/es\/wp-json\/wp\/v2\/posts"}],"about":[{"href":"https:\/\/www.etxalar.eus\/es\/wp-json\/wp\/v2\/types\/post"}],"author":[{"embeddable":true,"href":"https:\/\/www.etxalar.eus\/es\/wp-json\/wp\/v2\/users\/9"}],"replies":[{"embeddable":true,"href":"https:\/\/www.etxalar.eus\/es\/wp-json\/wp\/v2\/comments?post=12299"}],"version-history":[{"count":2,"href":"https:\/\/www.etxalar.eus\/es\/wp-json\/wp\/v2\/posts\/12299\/revisions"}],"predecessor-version":[{"id":12301,"href":"https:\/\/www.etxalar.eus\/es\/wp-json\/wp\/v2\/posts\/12299\/revisions\/12301"}],"wp:featuredmedia":[{"embeddable":true,"href":"https:\/\/www.etxalar.eus\/es\/wp-json\/wp\/v2\/media\/12287"}],"wp:attachment":[{"href":"https:\/\/www.etxalar.eus\/es\/wp-json\/wp\/v2\/media?parent=12299"}],"wp:term":[{"taxonomy":"category","embeddable":true,"href":"https:\/\/www.etxalar.eus\/es\/wp-json\/wp\/v2\/categories?post=12299"},{"taxonomy":"post_tag","embeddable":true,"href":"https:\/\/www.etxalar.eus\/es\/wp-json\/wp\/v2\/tags?post=12299"}],"curies":[{"name":"wp","href":"https:\/\/api.w.org\/{rel}","templated":true}]}}