{"id":12216,"date":"2022-05-02T16:14:08","date_gmt":"2022-05-02T16:14:08","guid":{"rendered":"https:\/\/www.etxalar.eus\/?p=12216"},"modified":"2022-07-06T09:07:25","modified_gmt":"2022-07-06T09:07:25","slug":"etxalarko-bestak-2022","status":"publish","type":"post","link":"https:\/\/www.etxalar.eus\/es\/etxalarko-bestak-2022\/","title":{"rendered":"Etxalarko Bestak 2022"},"content":{"rendered":"<p>[tm_pb_section admin_label=\u00bbsection\u00bb][tm_pb_row admin_label=\u00bbrow\u00bb][tm_pb_column type=\u00bb1_2&#8243;][tm_pb_text admin_label=\u00bbFiestas 2022 &#8211; Tetxo\u00bb text_orientation=\u00bbjustified\u00bb use_border_color=\u00bboff\u00bb border_color=\u00bb#ffffff\u00bb border_style=\u00bbsolid\u00bb]<\/p>\n<p>Este a\u00f1o, a menos que pasen acontecimientos adversos, se organizar\u00e1n las fiestas patronales tal y como las conoc\u00edamos antes de la pandemia. Y para que estos gusten a todos y sean extraordinarios, la comisi\u00f3n de Cultura del Ayuntamiento de Etxalar ha abierto una convocatoria para que todo aquel que lo desee pueda hacer su aportaci\u00f3n, sea grupo, asociaci\u00f3n o particular.<\/p>\n<p>La cita ser\u00e1 el pr\u00f3ximo 14 de mayo a las 19:00 horas en el sala de la Casa de Cultura.<\/p>\n<p>\u00a1Todos est\u00e1n invitados!<\/p>\n<p>Con la ayuda de todos, \u00a1Mejores fiestas!<\/p>\n<p>[\/tm_pb_text][\/tm_pb_column][tm_pb_column type=\u00bb1_2&#8243;][tm_pb_image admin_label=\u00bbFiestas &#8211; Cartel\u00bb src=\u00bbhttps:\/\/www.etxalar.eus\/wp-content\/uploads\/2022\/05\/Herriko-Bestak-Antolatze-deialdia1-scaled.jpg\u00bb show_in_lightbox=\u00bboff\u00bb url_new_window=\u00bboff\u00bb use_overlay=\u00bboff\u00bb animation=\u00bboff\u00bb sticky=\u00bboff\u00bb align=\u00bbcenter\u00bb force_fullwidth=\u00bboff\u00bb always_center_on_mobile=\u00bbon\u00bb use_border_color=\u00bboff\u00bb border_color=\u00bb#ffffff\u00bb border_style=\u00bbsolid\u00bb] [\/tm_pb_image][\/tm_pb_column][\/tm_pb_row][\/tm_pb_section]<\/p>\n","protected":false},"excerpt":{"rendered":"<p>Reuni\u00f3n abierta en la Casa de Cultura para organizar las fiestas de este a\u00f1o.<\/p>\n","protected":false},"author":9,"featured_media":12211,"comment_status":"closed","ping_status":"open","sticky":false,"template":"","format":"standard","meta":{"_et_pb_use_builder":"","_et_pb_old_content":"","_et_gb_content_width":"","footnotes":""},"categories":[],"tags":[],"class_list":["post-12216","post","type-post","status-publish","format-standard","has-post-thumbnail","hentry"],"_links":{"self":[{"href":"https:\/\/www.etxalar.eus\/es\/wp-json\/wp\/v2\/posts\/12216","targetHints":{"allow":["GET"]}}],"collection":[{"href":"https:\/\/www.etxalar.eus\/es\/wp-json\/wp\/v2\/posts"}],"about":[{"href":"https:\/\/www.etxalar.eus\/es\/wp-json\/wp\/v2\/types\/post"}],"author":[{"embeddable":true,"href":"https:\/\/www.etxalar.eus\/es\/wp-json\/wp\/v2\/users\/9"}],"replies":[{"embeddable":true,"href":"https:\/\/www.etxalar.eus\/es\/wp-json\/wp\/v2\/comments?post=12216"}],"version-history":[{"count":2,"href":"https:\/\/www.etxalar.eus\/es\/wp-json\/wp\/v2\/posts\/12216\/revisions"}],"predecessor-version":[{"id":12218,"href":"https:\/\/www.etxalar.eus\/es\/wp-json\/wp\/v2\/posts\/12216\/revisions\/12218"}],"wp:featuredmedia":[{"embeddable":true,"href":"https:\/\/www.etxalar.eus\/es\/wp-json\/wp\/v2\/media\/12211"}],"wp:attachment":[{"href":"https:\/\/www.etxalar.eus\/es\/wp-json\/wp\/v2\/media?parent=12216"}],"wp:term":[{"taxonomy":"category","embeddable":true,"href":"https:\/\/www.etxalar.eus\/es\/wp-json\/wp\/v2\/categories?post=12216"},{"taxonomy":"post_tag","embeddable":true,"href":"https:\/\/www.etxalar.eus\/es\/wp-json\/wp\/v2\/tags?post=12216"}],"curies":[{"name":"wp","href":"https:\/\/api.w.org\/{rel}","templated":true}]}}