{"id":11983,"date":"2022-03-24T17:35:27","date_gmt":"2022-03-24T17:35:27","guid":{"rendered":"https:\/\/www.etxalar.eus\/?p=11983"},"modified":"2022-07-06T09:07:25","modified_gmt":"2022-07-06T09:07:25","slug":"uhinak-22-korrika","status":"publish","type":"post","link":"https:\/\/www.etxalar.eus\/es\/uhinak-22-korrika\/","title":{"rendered":"\u201cUhinak\u201d, 22. Korrika"},"content":{"rendered":"<p>[tm_pb_section admin_label=\u00bbsection\u00bb][tm_pb_row admin_label=\u00bbrow\u00bb][tm_pb_column type=\u00bb1_2&#8243;][tm_pb_text admin_label=\u00bb22. Korrika texto\u00bb text_orientation=\u00bbjustified\u00bb use_border_color=\u00bboff\u00bb border_color=\u00bb#ffffff\u00bb border_style=\u00bbsolid\u00bb]<\/p>\n<p>\u00a1Ya viene Korrika! \u00a1Estad preparados! Partiendo el pr\u00f3ximo 31 de marzo desde Amurrio, hasta su finalizaci\u00f3n el 9 de Abril en Donostia, Korrika recorrer\u00e1 pueblos y ciudades de Euskal Herria guiados por el testigo de Korrika.<\/p>\n<p>Los grupos cultura y asociaciones de Etxalar tambi\u00e9n han hecho su aportaci\u00f3n y en la 22. Korrika los representantes de cada uno de ellos podr\u00e1n portar el testigo de Korrrika acompa\u00f1ado por los vecinos del pueblo y la comarca.<\/p>\n<p>Aprovechando la coyuntura, La comisi\u00f3n del euskera de Etxalar ha organizado la proyecci\u00f3n del documental \u201cUhinak\u201d. En \u00e9l se narra desde 9 diferentes lugares de Euskal Herria su visi\u00f3n a cerca del euskera, la realidad ling\u00fc\u00edstica de cada uno de ellos.<\/p>\n<p><a href=\"https:\/\/www.korrika.eus\/es\/\">https:\/\/www.korrika.eus\/es\/<\/a><\/p>\n<p>[\/tm_pb_text][\/tm_pb_column][tm_pb_column type=\u00bb1_2&#8243;][tm_pb_image admin_label=\u00bbUhinak documental\u00bb src=\u00bbhttps:\/\/www.etxalar.eus\/wp-content\/uploads\/2022\/03\/KORRIKA-22-Uhinak-dokumentala-Kartela.jpg\u00bb show_in_lightbox=\u00bboff\u00bb url_new_window=\u00bboff\u00bb use_overlay=\u00bboff\u00bb animation=\u00bboff\u00bb sticky=\u00bboff\u00bb align=\u00bbcenter\u00bb force_fullwidth=\u00bboff\u00bb always_center_on_mobile=\u00bbon\u00bb use_border_color=\u00bboff\u00bb border_color=\u00bb#ffffff\u00bb border_style=\u00bbsolid\u00bb] [\/tm_pb_image][\/tm_pb_column][\/tm_pb_row][tm_pb_row admin_label=\u00bbRow\u00bb make_fullwidth=\u00bboff\u00bb use_custom_width=\u00bboff\u00bb use_grid_padding=\u00bbon\u00bb width_unit=\u00bbon\u00bb custom_padding=\u00bb20px|||\u00bb padding_mobile=\u00bboff\u00bb allow_player_pause=\u00bboff\u00bb parallax=\u00bboff\u00bb parallax_method=\u00bboff\u00bb make_equal=\u00bboff\u00bb parallax_1=\u00bboff\u00bb parallax_method_1=\u00bboff\u00bb column_padding_mobile=\u00bbon\u00bb][tm_pb_column type=\u00bb4_4&#8243;][tm_pb_image admin_label=\u00bbKorrika cartel grande\u00bb src=\u00bbhttps:\/\/www.etxalar.eus\/wp-content\/uploads\/2022\/03\/22-korrikaren-ibilbidea-scaled.jpg\u00bb show_in_lightbox=\u00bboff\u00bb url_new_window=\u00bboff\u00bb use_overlay=\u00bboff\u00bb animation=\u00bboff\u00bb sticky=\u00bboff\u00bb align=\u00bbcenter\u00bb force_fullwidth=\u00bboff\u00bb always_center_on_mobile=\u00bbon\u00bb use_border_color=\u00bboff\u00bb border_color=\u00bb#ffffff\u00bb border_style=\u00bbsolid\u00bb] [\/tm_pb_image][\/tm_pb_column][\/tm_pb_row][\/tm_pb_section]<\/p>\n","protected":false},"excerpt":{"rendered":"<p>Documental sobre esta iniciativa en favor del Euskera.<\/p>\n","protected":false},"author":9,"featured_media":11978,"comment_status":"closed","ping_status":"open","sticky":false,"template":"","format":"standard","meta":{"_et_pb_use_builder":"","_et_pb_old_content":"","_et_gb_content_width":"","footnotes":""},"categories":[267],"tags":[],"class_list":["post-11983","post","type-post","status-publish","format-standard","has-post-thumbnail","hentry","category-casa-de-cultura"],"_links":{"self":[{"href":"https:\/\/www.etxalar.eus\/es\/wp-json\/wp\/v2\/posts\/11983","targetHints":{"allow":["GET"]}}],"collection":[{"href":"https:\/\/www.etxalar.eus\/es\/wp-json\/wp\/v2\/posts"}],"about":[{"href":"https:\/\/www.etxalar.eus\/es\/wp-json\/wp\/v2\/types\/post"}],"author":[{"embeddable":true,"href":"https:\/\/www.etxalar.eus\/es\/wp-json\/wp\/v2\/users\/9"}],"replies":[{"embeddable":true,"href":"https:\/\/www.etxalar.eus\/es\/wp-json\/wp\/v2\/comments?post=11983"}],"version-history":[{"count":2,"href":"https:\/\/www.etxalar.eus\/es\/wp-json\/wp\/v2\/posts\/11983\/revisions"}],"predecessor-version":[{"id":11985,"href":"https:\/\/www.etxalar.eus\/es\/wp-json\/wp\/v2\/posts\/11983\/revisions\/11985"}],"wp:featuredmedia":[{"embeddable":true,"href":"https:\/\/www.etxalar.eus\/es\/wp-json\/wp\/v2\/media\/11978"}],"wp:attachment":[{"href":"https:\/\/www.etxalar.eus\/es\/wp-json\/wp\/v2\/media?parent=11983"}],"wp:term":[{"taxonomy":"category","embeddable":true,"href":"https:\/\/www.etxalar.eus\/es\/wp-json\/wp\/v2\/categories?post=11983"},{"taxonomy":"post_tag","embeddable":true,"href":"https:\/\/www.etxalar.eus\/es\/wp-json\/wp\/v2\/tags?post=11983"}],"curies":[{"name":"wp","href":"https:\/\/api.w.org\/{rel}","templated":true}]}}