{"id":11968,"date":"2022-03-22T15:50:03","date_gmt":"2022-03-22T15:50:03","guid":{"rendered":"https:\/\/www.etxalar.eus\/?p=11968"},"modified":"2022-07-06T09:07:25","modified_gmt":"2022-07-06T09:07:25","slug":"salida-a-la-sidreria-2","status":"publish","type":"post","link":"https:\/\/www.etxalar.eus\/es\/salida-a-la-sidreria-2\/","title":{"rendered":"Salida a la sidrer\u00eda"},"content":{"rendered":"<p>[tm_pb_section admin_label=\u00bbsection\u00bb][tm_pb_row admin_label=\u00bbrow\u00bb][tm_pb_column type=\u00bb1_2&#8243;][tm_pb_text admin_label=\u00bbSagardotegira &#8211; Texto\u00bb text_orientation=\u00bbjustified\u00bb use_border_color=\u00bboff\u00bb border_color=\u00bb#ffffff\u00bb border_style=\u00bbsolid\u00bb]<\/p>\n<p>Siguiendo la tradici\u00f3n de los \u00faltimos a\u00f1os, Etxalarko ha organizado una salida a la sidrer\u00eda.<\/p>\n<p>Este a\u00f1o se visitar\u00e1 la <a href=\"https:\/\/www.sidrasaburuza.net\/es\/sidreria-aburuza\/\" target=\"_blank\" rel=\"noopener noreferrer\">sidrer\u00eda Aburuza<\/a> de Aduna y el que quiere ya pude apuntarse en la lista que hay en el Herriko Ostatua.<\/p>\n<p>Tras la comida se desplazar\u00e1n de Aduna a Hernani hasta que la hora de vuelta, de madrugada.<\/p>\n<p>La informaci\u00f3n complementaria en el cartel.<\/p>\n<p>[\/tm_pb_text][\/tm_pb_column][tm_pb_column type=\u00bb1_2&#8243;][tm_pb_image admin_label=\u00bbSagardotegiara &#8211; Cartel\u00bb src=\u00bbhttps:\/\/www.etxalar.eus\/wp-content\/uploads\/2022\/03\/Sagardotegira-2022.jpg\u00bb show_in_lightbox=\u00bboff\u00bb url_new_window=\u00bboff\u00bb use_overlay=\u00bboff\u00bb animation=\u00bboff\u00bb sticky=\u00bboff\u00bb align=\u00bbcenter\u00bb force_fullwidth=\u00bboff\u00bb always_center_on_mobile=\u00bbon\u00bb use_border_color=\u00bboff\u00bb border_color=\u00bb#ffffff\u00bb border_style=\u00bbsolid\u00bb] [\/tm_pb_image][\/tm_pb_column][\/tm_pb_row][\/tm_pb_section]<\/p>\n","protected":false},"excerpt":{"rendered":"<p>Otro a\u00f1os m\u00e1s se ha organizado la salida.<\/p>\n","protected":false},"author":9,"featured_media":11962,"comment_status":"closed","ping_status":"open","sticky":false,"template":"","format":"standard","meta":{"_et_pb_use_builder":"","_et_pb_old_content":"","_et_gb_content_width":"","footnotes":""},"categories":[259],"tags":[],"class_list":["post-11968","post","type-post","status-publish","format-standard","has-post-thumbnail","hentry","category-celebraciones"],"_links":{"self":[{"href":"https:\/\/www.etxalar.eus\/es\/wp-json\/wp\/v2\/posts\/11968","targetHints":{"allow":["GET"]}}],"collection":[{"href":"https:\/\/www.etxalar.eus\/es\/wp-json\/wp\/v2\/posts"}],"about":[{"href":"https:\/\/www.etxalar.eus\/es\/wp-json\/wp\/v2\/types\/post"}],"author":[{"embeddable":true,"href":"https:\/\/www.etxalar.eus\/es\/wp-json\/wp\/v2\/users\/9"}],"replies":[{"embeddable":true,"href":"https:\/\/www.etxalar.eus\/es\/wp-json\/wp\/v2\/comments?post=11968"}],"version-history":[{"count":2,"href":"https:\/\/www.etxalar.eus\/es\/wp-json\/wp\/v2\/posts\/11968\/revisions"}],"predecessor-version":[{"id":11970,"href":"https:\/\/www.etxalar.eus\/es\/wp-json\/wp\/v2\/posts\/11968\/revisions\/11970"}],"wp:featuredmedia":[{"embeddable":true,"href":"https:\/\/www.etxalar.eus\/es\/wp-json\/wp\/v2\/media\/11962"}],"wp:attachment":[{"href":"https:\/\/www.etxalar.eus\/es\/wp-json\/wp\/v2\/media?parent=11968"}],"wp:term":[{"taxonomy":"category","embeddable":true,"href":"https:\/\/www.etxalar.eus\/es\/wp-json\/wp\/v2\/categories?post=11968"},{"taxonomy":"post_tag","embeddable":true,"href":"https:\/\/www.etxalar.eus\/es\/wp-json\/wp\/v2\/tags?post=11968"}],"curies":[{"name":"wp","href":"https:\/\/api.w.org\/{rel}","templated":true}]}}