{"id":11932,"date":"2022-03-11T17:44:28","date_gmt":"2022-03-11T17:44:28","guid":{"rendered":"https:\/\/www.etxalar.eus\/?p=11932"},"modified":"2022-07-06T09:07:26","modified_gmt":"2022-07-06T09:07:26","slug":"cursos-de-cocina-e-hierbas-medicinales","status":"publish","type":"post","link":"https:\/\/www.etxalar.eus\/es\/cursos-de-cocina-e-hierbas-medicinales\/","title":{"rendered":"Cursos de cocina e hierbas medicinales"},"content":{"rendered":"<p>[tm_pb_section admin_label=\u00bbsection\u00bb][tm_pb_row admin_label=\u00bbrow\u00bb][tm_pb_column type=\u00bb4_4&#8243;][tm_pb_text admin_label=\u00bbSukal senda texto\u00bb text_orientation=\u00bbjustified\u00bb use_border_color=\u00bboff\u00bb border_color=\u00bb#ffffff\u00bb border_style=\u00bbsolid\u00bb]<\/p>\n<p>Tal y como nos tienen acostumbrados los miembros de Larraburua, siguen organizando numerosas actividades. En esta ocasi\u00f3n nos dan a conocer dos nuevos cursos.<\/p>\n<p>Por un lado un curso que se ha convertido en habitual, es el de cocina. Como siempre el profesor ser\u00e1 I\u00f1aki Pikabea y se llevar\u00e1 a cabo a partir del 18 de marzo.<\/p>\n<p>Por otro lado, este a\u00f1o se recupera un curso que organizaron anteriormente, el curso de hierbas medicinales. La impartir\u00e1 Laura Gurbildo y durante 8 jornadas ense\u00f1ar\u00e1 numerosas cosas acerca del tema<\/p>\n<p>Toda la informaci\u00f3n en los carteles de los cursos<\/p>\n<p><em><strong>Contacto Larraburua: 623 15 34 38 (Whathapp)<\/strong><\/em><\/p>\n<p>&nbsp;<\/p>\n<p>[\/tm_pb_text][\/tm_pb_column][\/tm_pb_row][tm_pb_row admin_label=\u00bbRow\u00bb][tm_pb_column type=\u00bb1_2&#8243;][tm_pb_image admin_label=\u00bbSukal kartela\u00bb src=\u00bbhttps:\/\/www.etxalar.eus\/wp-content\/uploads\/2022\/03\/Sukaldaritza-ikastaroa-2022.jpeg\u00bb show_in_lightbox=\u00bboff\u00bb url_new_window=\u00bboff\u00bb use_overlay=\u00bboff\u00bb animation=\u00bboff\u00bb sticky=\u00bboff\u00bb align=\u00bbcenter\u00bb force_fullwidth=\u00bboff\u00bb always_center_on_mobile=\u00bbon\u00bb use_border_color=\u00bboff\u00bb border_color=\u00bb#ffffff\u00bb border_style=\u00bbsolid\u00bb] [\/tm_pb_image][\/tm_pb_column][tm_pb_column type=\u00bb1_2&#8243;][tm_pb_image admin_label=\u00bbbelar kartela\u00bb src=\u00bbhttps:\/\/www.etxalar.eus\/wp-content\/uploads\/2022\/03\/Sendabelarrak-ikastaroa-2022.jpeg\u00bb show_in_lightbox=\u00bboff\u00bb url_new_window=\u00bboff\u00bb use_overlay=\u00bboff\u00bb animation=\u00bboff\u00bb sticky=\u00bboff\u00bb align=\u00bbcenter\u00bb force_fullwidth=\u00bboff\u00bb always_center_on_mobile=\u00bbon\u00bb use_border_color=\u00bboff\u00bb border_color=\u00bb#ffffff\u00bb border_style=\u00bbsolid\u00bb] [\/tm_pb_image][\/tm_pb_column][\/tm_pb_row][\/tm_pb_section]<\/p>\n","protected":false},"excerpt":{"rendered":"<p> Abierto a todos los interesados.<\/p>\n","protected":false},"author":9,"featured_media":11928,"comment_status":"closed","ping_status":"open","sticky":false,"template":"","format":"standard","meta":{"_et_pb_use_builder":"","_et_pb_old_content":"","_et_gb_content_width":"","footnotes":""},"categories":[235],"tags":[],"class_list":["post-11932","post","type-post","status-publish","format-standard","has-post-thumbnail","hentry","category-uncategorized-eu"],"_links":{"self":[{"href":"https:\/\/www.etxalar.eus\/es\/wp-json\/wp\/v2\/posts\/11932","targetHints":{"allow":["GET"]}}],"collection":[{"href":"https:\/\/www.etxalar.eus\/es\/wp-json\/wp\/v2\/posts"}],"about":[{"href":"https:\/\/www.etxalar.eus\/es\/wp-json\/wp\/v2\/types\/post"}],"author":[{"embeddable":true,"href":"https:\/\/www.etxalar.eus\/es\/wp-json\/wp\/v2\/users\/9"}],"replies":[{"embeddable":true,"href":"https:\/\/www.etxalar.eus\/es\/wp-json\/wp\/v2\/comments?post=11932"}],"version-history":[{"count":2,"href":"https:\/\/www.etxalar.eus\/es\/wp-json\/wp\/v2\/posts\/11932\/revisions"}],"predecessor-version":[{"id":11934,"href":"https:\/\/www.etxalar.eus\/es\/wp-json\/wp\/v2\/posts\/11932\/revisions\/11934"}],"wp:featuredmedia":[{"embeddable":true,"href":"https:\/\/www.etxalar.eus\/es\/wp-json\/wp\/v2\/media\/11928"}],"wp:attachment":[{"href":"https:\/\/www.etxalar.eus\/es\/wp-json\/wp\/v2\/media?parent=11932"}],"wp:term":[{"taxonomy":"category","embeddable":true,"href":"https:\/\/www.etxalar.eus\/es\/wp-json\/wp\/v2\/categories?post=11932"},{"taxonomy":"post_tag","embeddable":true,"href":"https:\/\/www.etxalar.eus\/es\/wp-json\/wp\/v2\/tags?post=11932"}],"curies":[{"name":"wp","href":"https:\/\/api.w.org\/{rel}","templated":true}]}}