{"id":11893,"date":"2022-03-08T16:06:56","date_gmt":"2022-03-08T16:06:56","guid":{"rendered":"https:\/\/www.etxalar.eus\/?p=11893"},"modified":"2022-03-24T16:52:50","modified_gmt":"2022-03-24T16:52:50","slug":"subida-a-palomeras-de-etxalar","status":"publish","type":"post","link":"https:\/\/www.etxalar.eus\/es\/subida-a-palomeras-de-etxalar\/","title":{"rendered":"Subida a Palomeras de Etxalar"},"content":{"rendered":"<p>[tm_pb_section admin_label=\u00bbsection\u00bb][tm_pb_row admin_label=\u00bbrow\u00bb][tm_pb_column type=\u00bb1_2&#8243;][tm_pb_text admin_label=\u00bbUsategieta igoera texto\u00bb text_orientation=\u00bbjustified\u00bb use_border_color=\u00bboff\u00bb border_color=\u00bb#ffffff\u00bb border_style=\u00bbsolid\u00bb]<\/p>\n<p>Si la pasada edici\u00f3n se celebr\u00f3 en verano, esta se llevar\u00e1 a cabo a principios de la primavera, concretamente el 26 de marzo. En la sinuosa carretera que lleva al alto de Lizarrieta, se podr\u00e1n contemplar coches de diferentes categor\u00edas desde el mediod\u00eda hasta el anochecer. Sin duda, loa aficionados a los coches tendr\u00e1n una buena ocasi\u00f3n de ver un bonito espect\u00e1culo.<\/p>\n<p>La primera manga de la subida ser\u00e1 a las 14:30, pero la carretera quedar\u00e1 cortada a&nbsp; las 13:30.<\/p>\n<p>La verificaci\u00f3n t\u00e9cnica de los veh\u00edculos se har\u00e1 en la plaza del pueblo el mismo dia.<\/p>\n<p>Toda la informaci\u00f3n de la carrera <a href=\"https:\/\/www.fenauto.com\/avance-subida-etxalar-22\/\" target=\"_blank\" rel=\"noopener noreferrer\"><strong>aqu\u00ed<\/strong><\/a><\/p>\n<p><strong><a href=\"https:\/\/www.etxalar.eus\/wp-content\/uploads\/2022\/03\/Et-Usategieta-Igoeraxalarko-XII.pdf\" target=\"_blank\" rel=\"noopener noreferrer\">Descargar el cartel<\/a><\/strong><\/p>\n<p>[\/tm_pb_text][\/tm_pb_column][tm_pb_column type=\u00bb1_2&#8243;][tm_pb_image admin_label=\u00bbUsategieta igoera foto\u00bb src=\u00bbhttps:\/\/www.etxalar.eus\/wp-content\/uploads\/2022\/03\/Et-Usategieta-Igoeraxalarko-XII.-2.jpeg\u00bb show_in_lightbox=\u00bboff\u00bb url_new_window=\u00bboff\u00bb use_overlay=\u00bboff\u00bb animation=\u00bboff\u00bb sticky=\u00bboff\u00bb align=\u00bbcenter\u00bb force_fullwidth=\u00bboff\u00bb always_center_on_mobile=\u00bbon\u00bb use_border_color=\u00bboff\u00bb border_color=\u00bb#ffffff\u00bb border_style=\u00bbsolid\u00bb] [\/tm_pb_image][\/tm_pb_column][\/tm_pb_row][\/tm_pb_section]<\/p>\n","protected":false},"excerpt":{"rendered":"<p>Se celebrar\u00e1 la XII edici\u00f3n de prueba automovil\u00edstica.<\/p>\n","protected":false},"author":9,"featured_media":11889,"comment_status":"closed","ping_status":"open","sticky":false,"template":"","format":"standard","meta":{"_et_pb_use_builder":"","_et_pb_old_content":"","_et_gb_content_width":"","footnotes":""},"categories":[],"tags":[],"class_list":["post-11893","post","type-post","status-publish","format-standard","has-post-thumbnail","hentry"],"_links":{"self":[{"href":"https:\/\/www.etxalar.eus\/es\/wp-json\/wp\/v2\/posts\/11893","targetHints":{"allow":["GET"]}}],"collection":[{"href":"https:\/\/www.etxalar.eus\/es\/wp-json\/wp\/v2\/posts"}],"about":[{"href":"https:\/\/www.etxalar.eus\/es\/wp-json\/wp\/v2\/types\/post"}],"author":[{"embeddable":true,"href":"https:\/\/www.etxalar.eus\/es\/wp-json\/wp\/v2\/users\/9"}],"replies":[{"embeddable":true,"href":"https:\/\/www.etxalar.eus\/es\/wp-json\/wp\/v2\/comments?post=11893"}],"version-history":[{"count":3,"href":"https:\/\/www.etxalar.eus\/es\/wp-json\/wp\/v2\/posts\/11893\/revisions"}],"predecessor-version":[{"id":11972,"href":"https:\/\/www.etxalar.eus\/es\/wp-json\/wp\/v2\/posts\/11893\/revisions\/11972"}],"wp:featuredmedia":[{"embeddable":true,"href":"https:\/\/www.etxalar.eus\/es\/wp-json\/wp\/v2\/media\/11889"}],"wp:attachment":[{"href":"https:\/\/www.etxalar.eus\/es\/wp-json\/wp\/v2\/media?parent=11893"}],"wp:term":[{"taxonomy":"category","embeddable":true,"href":"https:\/\/www.etxalar.eus\/es\/wp-json\/wp\/v2\/categories?post=11893"},{"taxonomy":"post_tag","embeddable":true,"href":"https:\/\/www.etxalar.eus\/es\/wp-json\/wp\/v2\/tags?post=11893"}],"curies":[{"name":"wp","href":"https:\/\/api.w.org\/{rel}","templated":true}]}}