{"id":11878,"date":"2022-03-07T16:58:53","date_gmt":"2022-03-07T16:58:53","guid":{"rendered":"https:\/\/www.etxalar.eus\/?p=11878"},"modified":"2022-03-07T16:58:53","modified_gmt":"2022-03-07T16:58:53","slug":"bortziriak-baila-en-etxalar","status":"publish","type":"post","link":"https:\/\/www.etxalar.eus\/es\/bortziriak-baila-en-etxalar\/","title":{"rendered":"Bortziriak baila en Etxalar"},"content":{"rendered":"<p>[tm_pb_section admin_label=\u00bbsection\u00bb][tm_pb_row admin_label=\u00bbrow\u00bb][tm_pb_column type=\u00bb1_2&#8243;][tm_pb_text admin_label=\u00bbBortziriak dantzan Etxalarren &#8211; Texto\u00bb text_orientation=\u00bbjustified\u00bb use_border_color=\u00bboff\u00bb border_color=\u00bb#ffffff\u00bb border_style=\u00bbsolid\u00bb]<\/p>\n<p>&nbsp;Ya son unos los que llevan los miembros de la Sociedad Larraburua aprendiendo y practicando Muxikoak y bailes. Durante este tiempo han participado en algunos actos en Etxalar y el entorno.<\/p>\n<p>El pr\u00f3ximo 19 de marzo nuevamente, se podr\u00e1 disfrutar de Muxikoak y bailes en el front\u00f3n de Etxalar. A partir de las 6 de la tarde, acompa\u00f1ados por el grupo Jeiki Hadi, se reunir\u00e1n bailarines de Etxalar y Bortziriak.<\/p>\n<p><strong><a href=\"https:\/\/www.etxalar.eus\/wp-content\/uploads\/2022\/03\/Muxikoak-etxalarren-.-Maryxoak-19.pdf\" target=\"_blank\" rel=\"noopener noreferrer\">Descargar el cartel<\/a><\/strong><\/p>\n<p>[\/tm_pb_text][\/tm_pb_column][tm_pb_column type=\u00bb1_2&#8243;][tm_pb_image admin_label=\u00bbBortziriak dantzan Etxalarren &#8211; Cartel\u00bb src=\u00bbhttps:\/\/www.etxalar.eus\/wp-content\/uploads\/2022\/03\/Muxikoak-etxalarren-.-Maryxoak-19.jpg\u00bb show_in_lightbox=\u00bboff\u00bb url_new_window=\u00bboff\u00bb use_overlay=\u00bboff\u00bb animation=\u00bboff\u00bb sticky=\u00bboff\u00bb align=\u00bbcenter\u00bb force_fullwidth=\u00bboff\u00bb always_center_on_mobile=\u00bbon\u00bb use_border_color=\u00bboff\u00bb border_color=\u00bb#ffffff\u00bb border_style=\u00bbsolid\u00bb] [\/tm_pb_image][\/tm_pb_column][\/tm_pb_row][\/tm_pb_section]<\/p>\n","protected":false},"excerpt":{"rendered":"<p>Muxikoak y bailes en el front\u00f3n del pueblo.<\/p>\n","protected":false},"author":9,"featured_media":11874,"comment_status":"closed","ping_status":"open","sticky":false,"template":"","format":"standard","meta":{"_et_pb_use_builder":"","_et_pb_old_content":"","_et_gb_content_width":"","footnotes":""},"categories":[],"tags":[],"class_list":["post-11878","post","type-post","status-publish","format-standard","has-post-thumbnail","hentry"],"_links":{"self":[{"href":"https:\/\/www.etxalar.eus\/es\/wp-json\/wp\/v2\/posts\/11878","targetHints":{"allow":["GET"]}}],"collection":[{"href":"https:\/\/www.etxalar.eus\/es\/wp-json\/wp\/v2\/posts"}],"about":[{"href":"https:\/\/www.etxalar.eus\/es\/wp-json\/wp\/v2\/types\/post"}],"author":[{"embeddable":true,"href":"https:\/\/www.etxalar.eus\/es\/wp-json\/wp\/v2\/users\/9"}],"replies":[{"embeddable":true,"href":"https:\/\/www.etxalar.eus\/es\/wp-json\/wp\/v2\/comments?post=11878"}],"version-history":[{"count":2,"href":"https:\/\/www.etxalar.eus\/es\/wp-json\/wp\/v2\/posts\/11878\/revisions"}],"predecessor-version":[{"id":11880,"href":"https:\/\/www.etxalar.eus\/es\/wp-json\/wp\/v2\/posts\/11878\/revisions\/11880"}],"wp:featuredmedia":[{"embeddable":true,"href":"https:\/\/www.etxalar.eus\/es\/wp-json\/wp\/v2\/media\/11874"}],"wp:attachment":[{"href":"https:\/\/www.etxalar.eus\/es\/wp-json\/wp\/v2\/media?parent=11878"}],"wp:term":[{"taxonomy":"category","embeddable":true,"href":"https:\/\/www.etxalar.eus\/es\/wp-json\/wp\/v2\/categories?post=11878"},{"taxonomy":"post_tag","embeddable":true,"href":"https:\/\/www.etxalar.eus\/es\/wp-json\/wp\/v2\/tags?post=11878"}],"curies":[{"name":"wp","href":"https:\/\/api.w.org\/{rel}","templated":true}]}}