{"id":11846,"date":"2022-02-23T15:33:28","date_gmt":"2022-02-23T15:33:28","guid":{"rendered":"https:\/\/www.etxalar.eus\/?p=11846"},"modified":"2022-02-23T15:37:17","modified_gmt":"2022-02-23T15:37:17","slug":"carnavales-2022","status":"publish","type":"post","link":"https:\/\/www.etxalar.eus\/es\/carnavales-2022\/","title":{"rendered":"Carnavales 2022"},"content":{"rendered":"<p>[tm_pb_section admin_label=\u00bbsection\u00bb][tm_pb_row admin_label=\u00bbrow\u00bb][tm_pb_column type=\u00bb1_2&#8243;][tm_pb_text admin_label=\u00bbCarnavales 22 text\u00bb text_orientation=\u00bbjustified\u00bb use_border_color=\u00bboff\u00bb border_color=\u00bb#ffffff\u00bb border_style=\u00bbsolid\u00bb]<\/p>\n<p>Los carnavales de este a\u00f1o dar\u00e1n comienzo el 24 de febrero y finalizar\u00e1n el 1 de marzo.<\/p>\n<p>El d\u00eda de Jueves Gordo, como es costumbre en el pueblo, las chicas y chicos del vestidos de <em>baserritarra<\/em> ir\u00e1n de cuestaci\u00f3n casa por casa cantando \u201cUrtzain gizen\u201d y recogiendo huevos, tocino, dulces y dem\u00e1s cosas. Despu\u00e9s, los ni\u00f1os y ni\u00f1as de la escuela Landagain repartidos en grupos realizan una <em>Kalejira<\/em> por el pueblo cantando versos y bailando en los siguientes <em>txokos<\/em>; La Cruz, Bekolanda, Maixterenea y la plaza del pueblo.<\/p>\n<p>El domingo, d\u00eda de <em>Zaldun Inaute<\/em>, es el d\u00eda de los Quintos. Sobre el mediod\u00eda, tras el aperitivo, las diferentes quintas del pueblo realizar\u00e1n comidas.<\/p>\n<p>El d\u00eda lunes de carnaval, d\u00eda de cuestaci\u00f3n por los caser\u00edos (En los que han dado el SI). Pero antes&nbsp; los j\u00f3venes del pueblo se reunir\u00e1n para almorzar y despu\u00e9s, repartidos en dos grupos, ir\u00e1n de cuestaci\u00f3n por los caser\u00edos con la ayuda de los <em>trikitilaris<\/em> del pueblo. Al mediod\u00eda realizaran un alto para comer y recuperar fuerzas, y luego continuar\u00e1n con la cuestaci\u00f3n hasta el anochecer, terminando el d\u00eda en el pueblo.<\/p>\n<p>Martes, d\u00eda de las carrozas y los disfraces. Arrancar\u00e1 a las 12 del mediod\u00eda la <em>kalejira <\/em>de &nbsp;disfraces y carrozas acompa\u00f1ado por los trikitilaris del pueblo. En el recorrido los organizadores (<em>Etxalarko Gaztik<\/em>) ofrecer\u00e1n pinchos. Al finalizar la <em>kalejira<\/em>, habr\u00e1 una comida popular.<\/p>\n<p><a href=\"https:\/\/www.etxalar.eus\/wp-content\/uploads\/2022\/02\/Inauteriak-2022-Kartela.pdf\" target=\"_blank\" rel=\"noopener noreferrer\">Cartel Carnavales 2022<\/a><\/p>\n<p>[\/tm_pb_text][\/tm_pb_column][tm_pb_column type=\u00bb1_2&#8243;][tm_pb_text admin_label=\u00bbGaleria carnavales 2022&#8243; text_orientation=\u00bbcenter\u00bb use_border_color=\u00bboff\u00bb border_color=\u00bb#ffffff\u00bb border_style=\u00bbsolid\u00bb]<\/p>\n<p>[ngg src=\u00bbgalleries\u00bb ids=\u00bb49&#8243; display=\u00bbbasic_slideshow\u00bb]&nbsp; [\/tm_pb_text][\/tm_pb_column][\/tm_pb_row][\/tm_pb_section]<\/p>\n","protected":false},"excerpt":{"rendered":"<p>Los carnavales arrancar\u00e1n con el Jueves Gordo<\/p>\n","protected":false},"author":9,"featured_media":11842,"comment_status":"closed","ping_status":"open","sticky":false,"template":"","format":"standard","meta":{"_et_pb_use_builder":"","_et_pb_old_content":"","_et_gb_content_width":"","footnotes":""},"categories":[],"tags":[],"class_list":["post-11846","post","type-post","status-publish","format-standard","has-post-thumbnail","hentry"],"_links":{"self":[{"href":"https:\/\/www.etxalar.eus\/es\/wp-json\/wp\/v2\/posts\/11846","targetHints":{"allow":["GET"]}}],"collection":[{"href":"https:\/\/www.etxalar.eus\/es\/wp-json\/wp\/v2\/posts"}],"about":[{"href":"https:\/\/www.etxalar.eus\/es\/wp-json\/wp\/v2\/types\/post"}],"author":[{"embeddable":true,"href":"https:\/\/www.etxalar.eus\/es\/wp-json\/wp\/v2\/users\/9"}],"replies":[{"embeddable":true,"href":"https:\/\/www.etxalar.eus\/es\/wp-json\/wp\/v2\/comments?post=11846"}],"version-history":[{"count":4,"href":"https:\/\/www.etxalar.eus\/es\/wp-json\/wp\/v2\/posts\/11846\/revisions"}],"predecessor-version":[{"id":11856,"href":"https:\/\/www.etxalar.eus\/es\/wp-json\/wp\/v2\/posts\/11846\/revisions\/11856"}],"wp:featuredmedia":[{"embeddable":true,"href":"https:\/\/www.etxalar.eus\/es\/wp-json\/wp\/v2\/media\/11842"}],"wp:attachment":[{"href":"https:\/\/www.etxalar.eus\/es\/wp-json\/wp\/v2\/media?parent=11846"}],"wp:term":[{"taxonomy":"category","embeddable":true,"href":"https:\/\/www.etxalar.eus\/es\/wp-json\/wp\/v2\/categories?post=11846"},{"taxonomy":"post_tag","embeddable":true,"href":"https:\/\/www.etxalar.eus\/es\/wp-json\/wp\/v2\/tags?post=11846"}],"curies":[{"name":"wp","href":"https:\/\/api.w.org\/{rel}","templated":true}]}}