{"id":11796,"date":"2021-12-17T16:15:25","date_gmt":"2021-12-17T16:15:25","guid":{"rendered":"https:\/\/www.etxalar.eus\/?p=11796"},"modified":"2021-12-17T16:15:25","modified_gmt":"2021-12-17T16:15:25","slug":"ya-viene-olentzero","status":"publish","type":"post","link":"https:\/\/www.etxalar.eus\/es\/ya-viene-olentzero\/","title":{"rendered":"\u00a1Ya viene Olentzero!"},"content":{"rendered":"<p>[tm_pb_section admin_label=\u00bbsection\u00bb][tm_pb_row admin_label=\u00bbrow\u00bb][tm_pb_column type=\u00bb1_3&#8243;][tm_pb_text admin_label=\u00bbOlentzero texto\u00bb text_orientation=\u00bbleft\u00bb use_border_color=\u00bboff\u00bb border_color=\u00bb#ffffff\u00bb border_style=\u00bbsolid\u00bb]<\/p>\n<p>Ya se palpa el invierno y junto con ella se est\u00e1n aproximando una nuevas navidades. Siguiendo alas antiguas tradiciones, recibiremos la visita de Olentzero y Maridomingi la v\u00edspera de Navidad, el d\u00eda de Noche Buena.<\/p>\n<p>Para este d\u00eda, Olentzero batzordea, ha organizado un peque\u00f1o &nbsp;programa para que los ni\u00f1os, j\u00f3venes y adultos disfruten de este estupendo d\u00eda.<\/p>\n<p>M\u00e1s informaci\u00f3n en el cartel del evento.<\/p>\n<p>\u00a1Feliz Navidades a todos!<\/p>\n<p>[\/tm_pb_text][\/tm_pb_column][tm_pb_column type=\u00bb2_3&#8243;][tm_pb_image admin_label=\u00bbOlentzero &#8211; programa\u00bb src=\u00bbhttps:\/\/www.etxalar.eus\/wp-content\/uploads\/2021\/12\/Olentzero-Kartela-2021-scaled.jpg\u00bb show_in_lightbox=\u00bboff\u00bb url_new_window=\u00bboff\u00bb use_overlay=\u00bboff\u00bb animation=\u00bboff\u00bb sticky=\u00bboff\u00bb align=\u00bbcenter\u00bb force_fullwidth=\u00bboff\u00bb always_center_on_mobile=\u00bbon\u00bb use_border_color=\u00bboff\u00bb border_color=\u00bb#ffffff\u00bb border_style=\u00bbsolid\u00bb disabled=\u00bboff\u00bb disabled_on=\u00bboff|||\u00bb] [\/tm_pb_image][\/tm_pb_column][\/tm_pb_row][\/tm_pb_section]<\/p>\n","protected":false},"excerpt":{"rendered":"<p>Goazen denok Olentzero eta Maridomingini harrera egitera!<\/p>\n","protected":false},"author":9,"featured_media":11793,"comment_status":"open","ping_status":"open","sticky":false,"template":"","format":"standard","meta":{"_et_pb_use_builder":"","_et_pb_old_content":"","_et_gb_content_width":"","footnotes":""},"categories":[],"tags":[],"class_list":["post-11796","post","type-post","status-publish","format-standard","has-post-thumbnail","hentry"],"_links":{"self":[{"href":"https:\/\/www.etxalar.eus\/es\/wp-json\/wp\/v2\/posts\/11796","targetHints":{"allow":["GET"]}}],"collection":[{"href":"https:\/\/www.etxalar.eus\/es\/wp-json\/wp\/v2\/posts"}],"about":[{"href":"https:\/\/www.etxalar.eus\/es\/wp-json\/wp\/v2\/types\/post"}],"author":[{"embeddable":true,"href":"https:\/\/www.etxalar.eus\/es\/wp-json\/wp\/v2\/users\/9"}],"replies":[{"embeddable":true,"href":"https:\/\/www.etxalar.eus\/es\/wp-json\/wp\/v2\/comments?post=11796"}],"version-history":[{"count":2,"href":"https:\/\/www.etxalar.eus\/es\/wp-json\/wp\/v2\/posts\/11796\/revisions"}],"predecessor-version":[{"id":11798,"href":"https:\/\/www.etxalar.eus\/es\/wp-json\/wp\/v2\/posts\/11796\/revisions\/11798"}],"wp:featuredmedia":[{"embeddable":true,"href":"https:\/\/www.etxalar.eus\/es\/wp-json\/wp\/v2\/media\/11793"}],"wp:attachment":[{"href":"https:\/\/www.etxalar.eus\/es\/wp-json\/wp\/v2\/media?parent=11796"}],"wp:term":[{"taxonomy":"category","embeddable":true,"href":"https:\/\/www.etxalar.eus\/es\/wp-json\/wp\/v2\/categories?post=11796"},{"taxonomy":"post_tag","embeddable":true,"href":"https:\/\/www.etxalar.eus\/es\/wp-json\/wp\/v2\/tags?post=11796"}],"curies":[{"name":"wp","href":"https:\/\/api.w.org\/{rel}","templated":true}]}}