{"id":11651,"date":"2021-10-26T16:11:27","date_gmt":"2021-10-26T16:11:27","guid":{"rendered":"https:\/\/www.etxalar.eus\/?p=11651"},"modified":"2021-10-26T16:11:47","modified_gmt":"2021-10-26T16:11:47","slug":"fin-de-semana-lleno-de-eventos","status":"publish","type":"post","link":"https:\/\/www.etxalar.eus\/es\/fin-de-semana-lleno-de-eventos\/","title":{"rendered":"\u00a1Fin de semana lleno de eventos!"},"content":{"rendered":"<p>[tm_pb_section admin_label=\u00bbsection\u00bb][tm_pb_row admin_label=\u00bbrow\u00bb][tm_pb_column type=\u00bb1_2&#8243;][tm_pb_text admin_label=\u00bbUrriak 29-30 texto\u00bb text_orientation=\u00bbjustified\u00bb use_border_color=\u00bboff\u00bb border_color=\u00bb#ffffff\u00bb border_style=\u00bbsolid\u00bb]<\/p>\n<p>Gran programa el que ha organizado Etxalarko Gaztik para el \u00faltimo fin de semana de octubre. El viernes y s\u00e1bado se podr\u00e1 disfrutar de diferentes eventos. Para empezar, el viernes, la pel\u00edcula DARDARA del grupo Berritxarrak. El s\u00e1bado por su parte ha m\u00e1s eventos, todos por la tarde. Se comenzar\u00e1 con una CAMPEONATO DE MUS, despu\u00e9s el CONCURSO DE TORTILLA DE PATATAS y por \u00faltimo para finalizar el d\u00eda o dar inicio a la noche BURRUNBA ELEKTROTXARANGA.<\/p>\n<p>El resto de la informaci\u00f3n ene l cartel.<\/p>\n<p><em>Nota; Las listas para apuntarse al concurso de tortillas est\u00e1n en Elutsa y el Herriko Ostatua<\/em><\/p>\n<p>[\/tm_pb_text][\/tm_pb_column][tm_pb_column type=\u00bb1_2&#8243;][tm_pb_image admin_label=\u00bbCartel Urriak 29-30&#8243; src=\u00bbhttps:\/\/www.etxalar.eus\/wp-content\/uploads\/2021\/10\/Urruak-29-30-asteburua.jpeg\u00bb show_in_lightbox=\u00bboff\u00bb url_new_window=\u00bboff\u00bb use_overlay=\u00bboff\u00bb animation=\u00bboff\u00bb sticky=\u00bboff\u00bb align=\u00bbcenter\u00bb force_fullwidth=\u00bboff\u00bb always_center_on_mobile=\u00bbon\u00bb use_border_color=\u00bboff\u00bb border_color=\u00bb#ffffff\u00bb border_style=\u00bbsolid\u00bb] [\/tm_pb_image][\/tm_pb_column][\/tm_pb_row][\/tm_pb_section]<\/p>\n","protected":false},"excerpt":{"rendered":"<p>Etxalarko Gaztik ha organizado un gran programa para el \u00faltimo fin de semana de octubre.<\/p>\n","protected":false},"author":9,"featured_media":11649,"comment_status":"open","ping_status":"open","sticky":false,"template":"","format":"standard","meta":{"_et_pb_use_builder":"","_et_pb_old_content":"","_et_gb_content_width":"","footnotes":""},"categories":[],"tags":[],"class_list":["post-11651","post","type-post","status-publish","format-standard","has-post-thumbnail","hentry"],"_links":{"self":[{"href":"https:\/\/www.etxalar.eus\/es\/wp-json\/wp\/v2\/posts\/11651","targetHints":{"allow":["GET"]}}],"collection":[{"href":"https:\/\/www.etxalar.eus\/es\/wp-json\/wp\/v2\/posts"}],"about":[{"href":"https:\/\/www.etxalar.eus\/es\/wp-json\/wp\/v2\/types\/post"}],"author":[{"embeddable":true,"href":"https:\/\/www.etxalar.eus\/es\/wp-json\/wp\/v2\/users\/9"}],"replies":[{"embeddable":true,"href":"https:\/\/www.etxalar.eus\/es\/wp-json\/wp\/v2\/comments?post=11651"}],"version-history":[{"count":3,"href":"https:\/\/www.etxalar.eus\/es\/wp-json\/wp\/v2\/posts\/11651\/revisions"}],"predecessor-version":[{"id":11654,"href":"https:\/\/www.etxalar.eus\/es\/wp-json\/wp\/v2\/posts\/11651\/revisions\/11654"}],"wp:featuredmedia":[{"embeddable":true,"href":"https:\/\/www.etxalar.eus\/es\/wp-json\/wp\/v2\/media\/11649"}],"wp:attachment":[{"href":"https:\/\/www.etxalar.eus\/es\/wp-json\/wp\/v2\/media?parent=11651"}],"wp:term":[{"taxonomy":"category","embeddable":true,"href":"https:\/\/www.etxalar.eus\/es\/wp-json\/wp\/v2\/categories?post=11651"},{"taxonomy":"post_tag","embeddable":true,"href":"https:\/\/www.etxalar.eus\/es\/wp-json\/wp\/v2\/tags?post=11651"}],"curies":[{"name":"wp","href":"https:\/\/api.w.org\/{rel}","templated":true}]}}