{"id":11619,"date":"2021-10-13T15:23:26","date_gmt":"2021-10-13T15:23:26","guid":{"rendered":"https:\/\/www.etxalar.eus\/?p=11619"},"modified":"2021-10-13T15:23:26","modified_gmt":"2021-10-13T15:23:26","slug":"este-ano-si-habra-domingo-de-palomeras","status":"publish","type":"post","link":"https:\/\/www.etxalar.eus\/es\/este-ano-si-habra-domingo-de-palomeras\/","title":{"rendered":"Este a\u00f1o si habr\u00e1 Domingo de Palomeras"},"content":{"rendered":"<p>[tm_pb_section admin_label=\u00bbsection\u00bb][tm_pb_row admin_label=\u00bbrow\u00bb][tm_pb_column type=\u00bb1_2&#8243;][tm_pb_text admin_label=\u00bbDom Pal texto\u00bb text_orientation=\u00bbjustified\u00bb use_border_color=\u00bboff\u00bb border_color=\u00bb#ffffff\u00bb border_style=\u00bbsolid\u00bb]<\/p>\n<p>Parece que poco a poco la sociedad vuelve a la normalidad y uno de los indicadores de ellos son las celebraciones. A pesar de que el a\u00f1o no se pudo celebrar, este si se llevar\u00e1 a cabo la antigua celebraci\u00f3n del Domingo de Palomeras.<\/p>\n<p>Con este d\u00eda, si el tiempo acompa\u00f1a, existe la tradici\u00f3n de subir a las palomeras andando, en coche u otro veh\u00edculo.<\/p>\n<p>Por la tarde por su parte, la celebraci\u00f3n se traslada al pueblo. Este a\u00f1o desde las 18h hasta 21h Modesto el acordeonista amenizar\u00e1 la tarde en la plaza del pueblo. Este acto ha sido organizado por el ayuntamiento del pueblo. Del mismo, en el mismo lugar Altxata K.E.E montar\u00e1 un peque\u00f1o bar en el que ofrecer\u00e1 bocatas y bebida.<\/p>\n<p>[\/tm_pb_text][\/tm_pb_column][tm_pb_column type=\u00bb1_2&#8243;][tm_pb_image admin_label=\u00bbDom Pal Cartel\u00bb src=\u00bbhttps:\/\/www.etxalar.eus\/wp-content\/uploads\/2021\/10\/Usategietako-igandea-Kar_w-scaled.jpg\u00bb show_in_lightbox=\u00bboff\u00bb url_new_window=\u00bbon\u00bb use_overlay=\u00bboff\u00bb animation=\u00bboff\u00bb sticky=\u00bboff\u00bb align=\u00bbcenter\u00bb force_fullwidth=\u00bboff\u00bb always_center_on_mobile=\u00bbon\u00bb use_border_color=\u00bboff\u00bb border_color=\u00bb#ffffff\u00bb border_style=\u00bbsolid\u00bb url=\u00bbhttps:\/\/www.etxalar.eus\/wp-content\/uploads\/2021\/10\/Usategietako-igandea-Kartela-A4.pdf\u00bb] [\/tm_pb_image][\/tm_pb_column][\/tm_pb_row][\/tm_pb_section]<\/p>\n","protected":false},"excerpt":{"rendered":"<p>Como es costumbre se celebrar\u00e1 el 3\u00ba domingo de octubre.<\/p>\n","protected":false},"author":9,"featured_media":11612,"comment_status":"open","ping_status":"open","sticky":false,"template":"","format":"standard","meta":{"_et_pb_use_builder":"","_et_pb_old_content":"","_et_gb_content_width":"","footnotes":""},"categories":[259],"tags":[],"class_list":["post-11619","post","type-post","status-publish","format-standard","has-post-thumbnail","hentry","category-celebraciones"],"_links":{"self":[{"href":"https:\/\/www.etxalar.eus\/es\/wp-json\/wp\/v2\/posts\/11619","targetHints":{"allow":["GET"]}}],"collection":[{"href":"https:\/\/www.etxalar.eus\/es\/wp-json\/wp\/v2\/posts"}],"about":[{"href":"https:\/\/www.etxalar.eus\/es\/wp-json\/wp\/v2\/types\/post"}],"author":[{"embeddable":true,"href":"https:\/\/www.etxalar.eus\/es\/wp-json\/wp\/v2\/users\/9"}],"replies":[{"embeddable":true,"href":"https:\/\/www.etxalar.eus\/es\/wp-json\/wp\/v2\/comments?post=11619"}],"version-history":[{"count":2,"href":"https:\/\/www.etxalar.eus\/es\/wp-json\/wp\/v2\/posts\/11619\/revisions"}],"predecessor-version":[{"id":11621,"href":"https:\/\/www.etxalar.eus\/es\/wp-json\/wp\/v2\/posts\/11619\/revisions\/11621"}],"wp:featuredmedia":[{"embeddable":true,"href":"https:\/\/www.etxalar.eus\/es\/wp-json\/wp\/v2\/media\/11612"}],"wp:attachment":[{"href":"https:\/\/www.etxalar.eus\/es\/wp-json\/wp\/v2\/media?parent=11619"}],"wp:term":[{"taxonomy":"category","embeddable":true,"href":"https:\/\/www.etxalar.eus\/es\/wp-json\/wp\/v2\/categories?post=11619"},{"taxonomy":"post_tag","embeddable":true,"href":"https:\/\/www.etxalar.eus\/es\/wp-json\/wp\/v2\/tags?post=11619"}],"curies":[{"name":"wp","href":"https:\/\/api.w.org\/{rel}","templated":true}]}}